{"id":76321,"date":"2015-10-14T17:01:17","date_gmt":"2015-10-14T20:01:17","guid":{"rendered":"http:\/\/www.redenoticia.com.br\/noticia\/?p=76321"},"modified":"2015-10-14T17:01:17","modified_gmt":"2015-10-14T20:01:17","slug":"biota-fapesp-convida-pesquisadores-a-aderirem-ao-programa-em-biodiversidade","status":"publish","type":"post","link":"https:\/\/migracao.redenoticia.com.br\/noticia\/2015\/biota-fapesp-convida-pesquisadores-a-aderirem-ao-programa-em-biodiversidade\/76321","title":{"rendered":"BIOTA-FAPESP convida pesquisadores a aderirem ao Programa em Biodiversidade"},"content":{"rendered":"<p>Ag\u00eancia FAPESP \u2013 A coordena\u00e7\u00e3o do Programa <strong><em>Pesquisa em Biodiversidade<\/em><\/strong> (BIOTA) FAPESP divulgou documento convidando pesquisadores da \u00e1rea a participar do programa que visa ampliar o conhecimento biol\u00f3gico e qu\u00edmico da fauna, da flora e dos microrganismos de ambientes terrestres, dulciaqu\u00edcolas e marinhos, bem como avaliar as possibilidades de explora\u00e7\u00e3o sustent\u00e1vel e restaura\u00e7\u00e3o da diversidade.<\/p>\n<p>Criado em 1999, o BIOTA FAPESP j\u00e1 implementou 280 projetos \u2013 60 est\u00e3o em andamento \u2013, publicou cerca de 2 mil trabalhos em peri\u00f3dicos indexados e 25 livros e treinou 924 alunos de inicia\u00e7\u00e3o cient\u00edfica, mestres, doutores e p\u00f3s-doutores.<\/p>\n<p>O programa transferiu o resultado desse conhecimento para o setor p\u00fablico \u2013 o BIOTA \u00e9 citado em 23 Leis, decretos e resolu\u00e7\u00f5es no Estado de S\u00e3o Paulo \u2013 e privado \u2013 o BIOprospecTA j\u00e1 tem quase uma dezena de patentes.<\/p>\n<p>Os pesquisadores participantes t\u00eam oportunidade de participar de minicursos e palestras com convidados do Brasil e do exterior, de workshops e cursos em \u00e1reas espec\u00edficas de interesse e de projetos interdisciplinares, al\u00e9m de participar de chamadas conjuntas do Programa BIOTA com parceiros internacionais como as ag\u00eancias de fomento norte-americanas National Science Foundation (NSF), por meio do Programa Dimensions of Biodiversity, e o National Institute of Health (NIH), e com a Natural Environmental Research Council (NERC), do Reino Unido.<\/p>\n<p>Para mais informa\u00e7\u00f5es sobre o programa acesse a p\u00e1gina do BIOTA-FAPESP no endere\u00e7o .<\/p>\n","protected":false},"excerpt":{"rendered":"<p>Ag\u00eancia FAPESP \u2013 A coordena\u00e7\u00e3o do Programa Pesquisa em Biodiversidade (BIOTA) FAPESP divulgou documento convidando pesquisadores da \u00e1rea a participar do programa que visa ampliar o conhecimento biol\u00f3gico e qu\u00edmico da fauna, da flora e dos microrganismos de ambientes terrestres, dulciaqu\u00edcolas e marinhos, bem como avaliar as possibilidades de explora\u00e7\u00e3o sustent\u00e1vel e restaura\u00e7\u00e3o da diversidade. [&hellip;]<\/p>\n","protected":false},"author":2,"featured_media":28951,"comment_status":"open","ping_status":"closed","sticky":false,"template":"","format":"standard","meta":{"tdm_status":"","tdm_grid_status":"","footnotes":""},"categories":[22,370,353],"tags":[],"class_list":{"0":"post-76321","1":"post","2":"type-post","3":"status-publish","4":"format-standard","5":"has-post-thumbnail","7":"category-brasil","8":"category-inscricao","9":"category-oportunidades"},"_links":{"self":[{"href":"https:\/\/migracao.redenoticia.com.br\/noticia\/wp-json\/wp\/v2\/posts\/76321","targetHints":{"allow":["GET"]}}],"collection":[{"href":"https:\/\/migracao.redenoticia.com.br\/noticia\/wp-json\/wp\/v2\/posts"}],"about":[{"href":"https:\/\/migracao.redenoticia.com.br\/noticia\/wp-json\/wp\/v2\/types\/post"}],"author":[{"embeddable":true,"href":"https:\/\/migracao.redenoticia.com.br\/noticia\/wp-json\/wp\/v2\/users\/2"}],"replies":[{"embeddable":true,"href":"https:\/\/migracao.redenoticia.com.br\/noticia\/wp-json\/wp\/v2\/comments?post=76321"}],"version-history":[{"count":0,"href":"https:\/\/migracao.redenoticia.com.br\/noticia\/wp-json\/wp\/v2\/posts\/76321\/revisions"}],"wp:featuredmedia":[{"embeddable":true,"href":"https:\/\/migracao.redenoticia.com.br\/noticia\/wp-json\/wp\/v2\/media\/28951"}],"wp:attachment":[{"href":"https:\/\/migracao.redenoticia.com.br\/noticia\/wp-json\/wp\/v2\/media?parent=76321"}],"wp:term":[{"taxonomy":"category","embeddable":true,"href":"https:\/\/migracao.redenoticia.com.br\/noticia\/wp-json\/wp\/v2\/categories?post=76321"},{"taxonomy":"post_tag","embeddable":true,"href":"https:\/\/migracao.redenoticia.com.br\/noticia\/wp-json\/wp\/v2\/tags?post=76321"}],"curies":[{"name":"wp","href":"https:\/\/api.w.org\/{rel}","templated":true}]}}