{"id":76332,"date":"2015-10-14T17:04:44","date_gmt":"2015-10-14T20:04:44","guid":{"rendered":"http:\/\/www.redenoticia.com.br\/noticia\/?p=76332"},"modified":"2015-10-14T17:04:44","modified_gmt":"2015-10-14T20:04:44","slug":"usp-seleciona-homens-obesos-para-pesquisa-sobre-niveis-de-testosterona","status":"publish","type":"post","link":"https:\/\/migracao.redenoticia.com.br\/noticia\/2015\/usp-seleciona-homens-obesos-para-pesquisa-sobre-niveis-de-testosterona\/76332","title":{"rendered":"USP seleciona homens obesos para pesquisa sobre n\u00edveis de testosterona"},"content":{"rendered":"<p> A Cl\u00ednica de Endocrinologia e Metabologia do Hospital das Cl\u00ednicas (HC) da Faculdade de Medicina da USP (FMUSP) busca homens saud\u00e1veis, entre 18 e 50 anos, n\u00e3o fumantes, com IMC (\u00edndice de massa corporal) acima de 30 (ou seja, obesos), para participarem de protocolo de pesquisa que avaliar\u00e1 melhora nos <strong><em>n\u00edveis de testosterona<\/em><\/strong>.<\/p>\n<p>Os interessados ser\u00e3o avaliados em consulta de triagem e ter\u00e3o os n\u00edveis de testosterona no sangue dosados. Os que apresentarem baixo n\u00edvel de testosterona no sangue participar\u00e3o do protocolo de pesquisa, que envolver\u00e1 70 volunt\u00e1rios.<\/p>\n<p>O acompanhamento ser\u00e1 feito por 12 semanas na Cl\u00ednica de Endocrinologia e Metabologia do HC e a cada m\u00eas o paciente realizar\u00e1 exames de sangue e exame de composi\u00e7\u00e3o corporal.<\/p>\n<p>A orientadora respons\u00e1vel da pesquisa \u00e9 a endocrinologista C\u00edntia Cercato.<\/p>\n<p>Mais informa\u00e7\u00f5es pelo telefone (11) 99160-3149 ou pelos endere\u00e7os eletr\u00f4nicos andressaendocrinologista@gmail.com e andressaheimbecher@usp.br.<\/p>\n<p>Do Portal do Governo do Estado SP<br \/>\n&#8212;<br \/>\nHist\u00f3rico FMUSP &#8211; diante das demandas t\u00e9cnico-cient\u00edficas consubstanciadas no dia-a-dia dos seus primeiros anos, a Faculdade de Medicina e Cirurgia de S\u00e3o Paulo, criada em 1912 e implantada a partir de 1913 , n\u00e3o descuidou de desenvolver suas tradi\u00e7\u00f5es e erigir s\u00edmbolos, neles respaldando a for\u00e7a paulista que deveria representar, devendo tornar-se, antes de tudo, um dispositivo formador das elites e para tanto amalgamar no individuo que ali ingressasse conte\u00fados cient\u00edficos e pol\u00edticos. A produ\u00e7\u00e3o cient\u00edfica dessa escola m\u00e9dica acabou ganhando for\u00e7a explicativa n\u00e3o apenas para as demandas corporativas e tecnol\u00f3gicas do estado, mas para erigir, igualmente, aquilo que Eric Hobsbawm chamou de inven\u00e7\u00e3o das tradi\u00e7\u00f5es.<\/p>\n","protected":false},"excerpt":{"rendered":"<p>A Cl\u00ednica de Endocrinologia e Metabologia do Hospital das Cl\u00ednicas (HC) da Faculdade de Medicina da USP (FMUSP) busca homens saud\u00e1veis, entre 18 e 50 anos, n\u00e3o fumantes, com IMC (\u00edndice de massa corporal) acima de 30 (ou seja, obesos), para participarem de protocolo de pesquisa que avaliar\u00e1 melhora nos n\u00edveis de testosterona. Os interessados [&hellip;]<\/p>\n","protected":false},"author":2,"featured_media":57579,"comment_status":"open","ping_status":"closed","sticky":false,"template":"","format":"standard","meta":{"tdm_status":"","tdm_grid_status":"","footnotes":""},"categories":[22,5],"tags":[],"class_list":{"0":"post-76332","1":"post","2":"type-post","3":"status-publish","4":"format-standard","5":"has-post-thumbnail","7":"category-brasil","8":"category-saude-e-vida"},"_links":{"self":[{"href":"https:\/\/migracao.redenoticia.com.br\/noticia\/wp-json\/wp\/v2\/posts\/76332","targetHints":{"allow":["GET"]}}],"collection":[{"href":"https:\/\/migracao.redenoticia.com.br\/noticia\/wp-json\/wp\/v2\/posts"}],"about":[{"href":"https:\/\/migracao.redenoticia.com.br\/noticia\/wp-json\/wp\/v2\/types\/post"}],"author":[{"embeddable":true,"href":"https:\/\/migracao.redenoticia.com.br\/noticia\/wp-json\/wp\/v2\/users\/2"}],"replies":[{"embeddable":true,"href":"https:\/\/migracao.redenoticia.com.br\/noticia\/wp-json\/wp\/v2\/comments?post=76332"}],"version-history":[{"count":0,"href":"https:\/\/migracao.redenoticia.com.br\/noticia\/wp-json\/wp\/v2\/posts\/76332\/revisions"}],"wp:featuredmedia":[{"embeddable":true,"href":"https:\/\/migracao.redenoticia.com.br\/noticia\/wp-json\/wp\/v2\/media\/57579"}],"wp:attachment":[{"href":"https:\/\/migracao.redenoticia.com.br\/noticia\/wp-json\/wp\/v2\/media?parent=76332"}],"wp:term":[{"taxonomy":"category","embeddable":true,"href":"https:\/\/migracao.redenoticia.com.br\/noticia\/wp-json\/wp\/v2\/categories?post=76332"},{"taxonomy":"post_tag","embeddable":true,"href":"https:\/\/migracao.redenoticia.com.br\/noticia\/wp-json\/wp\/v2\/tags?post=76332"}],"curies":[{"name":"wp","href":"https:\/\/api.w.org\/{rel}","templated":true}]}}