{"id":76334,"date":"2015-10-14T17:07:15","date_gmt":"2015-10-14T20:07:15","guid":{"rendered":"http:\/\/www.redenoticia.com.br\/noticia\/?p=76334"},"modified":"2015-10-14T17:07:15","modified_gmt":"2015-10-14T20:07:15","slug":"horario-de-verao-comeca-domingo","status":"publish","type":"post","link":"https:\/\/migracao.redenoticia.com.br\/noticia\/2015\/horario-de-verao-comeca-domingo\/76334","title":{"rendered":"Hor\u00e1rio de ver\u00e3o come\u00e7a domingo"},"content":{"rendered":"<p> No pr\u00f3ximo domingo (18), \u00e0 0h, milh\u00f5es de brasileiros ter\u00e3o que adiantar os rel\u00f3gios em uma hora. \u00c9 o in\u00edcio da temporada 2015\/2016 do <strong><em>hor\u00e1rio de ver\u00e3o<\/em><\/strong> nos estados do Rio Grande do Sul, de Santa Catarina, do Paran\u00e1, de S\u00e3o Paulo, do Rio de Janeiro, Esp\u00edrito Santo,de Minas Gerais, Goi\u00e1s, Mato Grosso, Mato Grosso do Sul e no Distrito Federal.<\/p>\n<p>O principal objetivo da medida \u00e9, segundo o Operador Nacional do Sistema El\u00e9trico (ONS), a redu\u00e7\u00e3o da demanda no per\u00edodo de ponta, entre as 18h e as 21h. A estrat\u00e9gia \u00e9 aproveitar a intensifica\u00e7\u00e3o da luz natural ao longo do dia durante o ver\u00e3o para reduzir o gasto de energia. Entre os meses de outubro e fevereiro, os dias t\u00eam maior dura\u00e7\u00e3o em algumas regi\u00f5es, por causa da posi\u00e7\u00e3o da Terra em rela\u00e7\u00e3o ao Sol, e a luminosidade natural pode ser melhor aproveitada.<\/p>\n<p>Segundo dados do Minist\u00e9rio de Minas e Energia (MME), o hor\u00e1rio de ver\u00e3o representa uma redu\u00e7\u00e3o da demanda, em m\u00e9dia, de 4% a 5% e poupa o pa\u00eds de sofrer as consequ\u00eancias da sobrecarga na rede durante a esta\u00e7\u00e3o mais quente do ano, onde o uso de eletricidade para refrigera\u00e7\u00e3o, condicionamento de ar e ventila\u00e7\u00e3o atinge o pico.<\/p>\n<p>De acordo com o MME, quando a demanda diminui, as empresas que operam o sistema conseguem prestar um servi\u00e7o melhor ao consumidor, porque as linhas de transmiss\u00e3o ficam menos sobrecarregadas. Para as hidrel\u00e9tricas, a \u00e1gua conservada nos reservat\u00f3rios pode ser importante no caso de uma estiagem futura. Para os consumidores em geral, o combust\u00edvel ou o carv\u00e3o mineral que n\u00e3o precisou ser usado nas termel\u00e9tricas evita ajustes tarif\u00e1rios.<\/p>\n<p>Segundo o ONS, no hor\u00e1rio de ver\u00e3o 2014\/2015, a redu\u00e7\u00e3o da demanda no hor\u00e1rio de ponta foi cerca de 2.035 megawatts (MW) no subsistema Sudeste\/Centro-Oeste, equivalente ao dobro do consumo de Bras\u00edlia em todo o per\u00edodo em que esteve em vigor. No Subsistema Sul, a redu\u00e7\u00e3o foi 645 MW, correspondendo a uma economia de 4,5%.<\/p>\n<p>Os ganhos obtidos pela redu\u00e7\u00e3o do consumo de energia global, que leva em conta todas as horas do dia, foram de cerca de 200 MW m\u00e9dios no Subsistema Sudeste\/Centro-Oeste, o que equivale ao consumo mensal da cidade de Bras\u00edlia, e 65 MW m\u00e9dios no Subsistema Sul, equivalente ao consumo mensal de Florian\u00f3polis.<\/p>\n<p>De acordo com a assessoria de imprensa do ONS, a estimativa de economia para o hor\u00e1rio de ver\u00e3o 2015\/2016 ser\u00e1 divulgada nos pr\u00f3ximos dias e n\u00e3o deve ser muito diferente do ano passado.<\/p>\n<p>Atualmente, o hor\u00e1rio brasileiro de ver\u00e3o \u00e9 regulamentado pelo Decreto 8.112, de 30 de setembro de 2013, que revisou o Decreto n\u00ba 8.556, de 8 de setembro de 2008. Ele come\u00e7a sempre no terceiro domingo do m\u00eas de outubro e termina no terceiro domingo de fevereiro do ano subsequente, exceto quando coincide com o carnaval, caso em que \u00e9 postergado para o domingo seguinte.<\/p>\n<p>Marieta Cazarr\u00e9 &#8211; Rep\u00f3rter da Ag\u00eancia Brasil<br \/>\nEdi\u00e7\u00e3o: Gra\u00e7a Adjuto<\/p>\n","protected":false},"excerpt":{"rendered":"<p>No pr\u00f3ximo domingo (18), \u00e0 0h, milh\u00f5es de brasileiros ter\u00e3o que adiantar os rel\u00f3gios em uma hora. \u00c9 o in\u00edcio da temporada 2015\/2016 do hor\u00e1rio de ver\u00e3o nos estados do Rio Grande do Sul, de Santa Catarina, do Paran\u00e1, de S\u00e3o Paulo, do Rio de Janeiro, Esp\u00edrito Santo,de Minas Gerais, Goi\u00e1s, Mato Grosso, Mato Grosso [&hellip;]<\/p>\n","protected":false},"author":2,"featured_media":21774,"comment_status":"open","ping_status":"closed","sticky":false,"template":"","format":"standard","meta":{"tdm_status":"","tdm_grid_status":"","footnotes":""},"categories":[22],"tags":[],"class_list":{"0":"post-76334","1":"post","2":"type-post","3":"status-publish","4":"format-standard","5":"has-post-thumbnail","7":"category-brasil"},"_links":{"self":[{"href":"https:\/\/migracao.redenoticia.com.br\/noticia\/wp-json\/wp\/v2\/posts\/76334","targetHints":{"allow":["GET"]}}],"collection":[{"href":"https:\/\/migracao.redenoticia.com.br\/noticia\/wp-json\/wp\/v2\/posts"}],"about":[{"href":"https:\/\/migracao.redenoticia.com.br\/noticia\/wp-json\/wp\/v2\/types\/post"}],"author":[{"embeddable":true,"href":"https:\/\/migracao.redenoticia.com.br\/noticia\/wp-json\/wp\/v2\/users\/2"}],"replies":[{"embeddable":true,"href":"https:\/\/migracao.redenoticia.com.br\/noticia\/wp-json\/wp\/v2\/comments?post=76334"}],"version-history":[{"count":0,"href":"https:\/\/migracao.redenoticia.com.br\/noticia\/wp-json\/wp\/v2\/posts\/76334\/revisions"}],"wp:featuredmedia":[{"embeddable":true,"href":"https:\/\/migracao.redenoticia.com.br\/noticia\/wp-json\/wp\/v2\/media\/21774"}],"wp:attachment":[{"href":"https:\/\/migracao.redenoticia.com.br\/noticia\/wp-json\/wp\/v2\/media?parent=76334"}],"wp:term":[{"taxonomy":"category","embeddable":true,"href":"https:\/\/migracao.redenoticia.com.br\/noticia\/wp-json\/wp\/v2\/categories?post=76334"},{"taxonomy":"post_tag","embeddable":true,"href":"https:\/\/migracao.redenoticia.com.br\/noticia\/wp-json\/wp\/v2\/tags?post=76334"}],"curies":[{"name":"wp","href":"https:\/\/api.w.org\/{rel}","templated":true}]}}