{"id":76336,"date":"2015-10-14T17:08:39","date_gmt":"2015-10-14T20:08:39","guid":{"rendered":"http:\/\/www.redenoticia.com.br\/noticia\/?p=76336"},"modified":"2015-10-14T17:08:39","modified_gmt":"2015-10-14T20:08:39","slug":"sistema-cantareira-pode-ultrapassar-o-volume-morto-em-dezembro","status":"publish","type":"post","link":"https:\/\/migracao.redenoticia.com.br\/noticia\/2015\/sistema-cantareira-pode-ultrapassar-o-volume-morto-em-dezembro\/76336","title":{"rendered":"Sistema Cantareira pode ultrapassar o volume morto em dezembro"},"content":{"rendered":"<p> O Sistema <strong><em>Cantareira<\/em><\/strong> pode voltar ao volume \u00fatil em dezembro, caso a chuva nos pr\u00f3ximos meses fique dentro da m\u00e9dia hist\u00f3rica. Relat\u00f3rio do Centro Nacional de Monitoramento e Alertas de Desastres Naturais (Cemaden) mostra que nesse cen\u00e1rio o manancial ultrapassaria a reserva t\u00e9cnica (volume morto) em 75 dias, contados a partir do \u00faltimo dia 9.<\/p>\n<p>Em uma situa\u00e7\u00e3o mais otimista, com chuvas 25% maiores do que a m\u00e9dia hist\u00f3ria, os reservat\u00f3rios sairiam do negativo na primeira quinzena de dezembro (63 dias). Na melhor das hip\u00f3teses, com as precipita\u00e7\u00f5es 50% maiores do que as registradas no per\u00edodo, a recupera\u00e7\u00e3o das cotas do volume morto levaria 53 dias.<\/p>\n<p>Em uma previs\u00e3o mais pessimista, com chuvas 25% abaixo da m\u00e9dia, seriam necess\u00e1rios quase quatro meses (108 dias) para que o sistema ultrapassasse a marca do volume morto. E mesmo com chuvas 50% menores das registradas em anos anteriores, os reservat\u00f3rios n\u00e3o voltariam a usar a segunda cota do volume morto antes de 31 de mar\u00e7o, prazo final das previs\u00f5es do relat\u00f3rio.<\/p>\n<p>Entre outubro de 2014 e mar\u00e7o de 2015, as chuvas na regi\u00e3o do Sistema Cantareira (879 mil\u00edmetros) foram equivalentes a 73,5% da m\u00e9dia hist\u00f3rica. Os 405 mil\u00edmetros registrados entre abril e setembro representaram 101,9% da m\u00e9dia de precipita\u00e7\u00e3o para o per\u00edodo.<\/p>\n<p>O bombeamento das reservas t\u00e9cnicas do Sistema Cantareira come\u00e7ou em maio de 2014. \u00c0 \u00e9poca, ele era o principal manancial respons\u00e1vel por abastecer a regi\u00e3o metropolitana de S\u00e3o Paulo. O chamado volume morto, \u00e1gua que fica abaixo das comportas dos reservat\u00f3rios, adicionou um total de 287,5 bilh\u00f5es de litros ao volume dispon\u00edvel para o abastecimento, o que significa 22,6% do total que pode ser utilizado ou 29,2% do volume \u00fatil.<\/p>\n<p>Nesta quarta-feira (14), o Cantareira tem armazenado 160,2 bilh\u00f5es de litros, 16,3% do volume \u00fatil e 12,6% da quantidade total. Para voltar a operar no n\u00edvel positivo, os reservat\u00f3rios ainda precisam de 127,3 bilh\u00f5es de litros.<\/p>\n<p>Antes do in\u00edcio da crise, o Cantareira garantia \u00e1gua para quase 9 milh\u00f5es de pessoas em toda a Grande S\u00e3o Paulo. A estiagem e a perda acelerada de \u00e1gua nos reservat\u00f3rios fizeram com que a Companhia de Saneamento B\u00e1sico do Estado de S\u00e3o Paulo (Sabesp) redirecionasse o abastecimento para outros mananciais. Hoje, o sistema abastece cerca de 5,4 milh\u00f5es de pessoas, sendo ultrapassada pelo Sistema Guarapiranga, que atualmente fornece \u00e1gua para 5,8 milh\u00f5es de consumidores.<\/p>\n<p>Daniel Mello &#8211; Rep\u00f3rter da Ag\u00eancia Brasil<br \/>\nEdi\u00e7\u00e3o: Gra\u00e7a Adjuto<\/p>\n","protected":false},"excerpt":{"rendered":"<p>O Sistema Cantareira pode voltar ao volume \u00fatil em dezembro, caso a chuva nos pr\u00f3ximos meses fique dentro da m\u00e9dia hist\u00f3rica. Relat\u00f3rio do Centro Nacional de Monitoramento e Alertas de Desastres Naturais (Cemaden) mostra que nesse cen\u00e1rio o manancial ultrapassaria a reserva t\u00e9cnica (volume morto) em 75 dias, contados a partir do \u00faltimo dia 9. [&hellip;]<\/p>\n","protected":false},"author":2,"featured_media":34905,"comment_status":"open","ping_status":"closed","sticky":false,"template":"","format":"standard","meta":{"tdm_status":"","tdm_grid_status":"","footnotes":""},"categories":[22],"tags":[],"class_list":{"0":"post-76336","1":"post","2":"type-post","3":"status-publish","4":"format-standard","5":"has-post-thumbnail","7":"category-brasil"},"_links":{"self":[{"href":"https:\/\/migracao.redenoticia.com.br\/noticia\/wp-json\/wp\/v2\/posts\/76336","targetHints":{"allow":["GET"]}}],"collection":[{"href":"https:\/\/migracao.redenoticia.com.br\/noticia\/wp-json\/wp\/v2\/posts"}],"about":[{"href":"https:\/\/migracao.redenoticia.com.br\/noticia\/wp-json\/wp\/v2\/types\/post"}],"author":[{"embeddable":true,"href":"https:\/\/migracao.redenoticia.com.br\/noticia\/wp-json\/wp\/v2\/users\/2"}],"replies":[{"embeddable":true,"href":"https:\/\/migracao.redenoticia.com.br\/noticia\/wp-json\/wp\/v2\/comments?post=76336"}],"version-history":[{"count":0,"href":"https:\/\/migracao.redenoticia.com.br\/noticia\/wp-json\/wp\/v2\/posts\/76336\/revisions"}],"wp:featuredmedia":[{"embeddable":true,"href":"https:\/\/migracao.redenoticia.com.br\/noticia\/wp-json\/wp\/v2\/media\/34905"}],"wp:attachment":[{"href":"https:\/\/migracao.redenoticia.com.br\/noticia\/wp-json\/wp\/v2\/media?parent=76336"}],"wp:term":[{"taxonomy":"category","embeddable":true,"href":"https:\/\/migracao.redenoticia.com.br\/noticia\/wp-json\/wp\/v2\/categories?post=76336"},{"taxonomy":"post_tag","embeddable":true,"href":"https:\/\/migracao.redenoticia.com.br\/noticia\/wp-json\/wp\/v2\/tags?post=76336"}],"curies":[{"name":"wp","href":"https:\/\/api.w.org\/{rel}","templated":true}]}}