{"id":76428,"date":"2015-10-16T15:44:12","date_gmt":"2015-10-16T18:44:12","guid":{"rendered":"http:\/\/www.redenoticia.com.br\/noticia\/?p=76428"},"modified":"2015-10-16T15:44:12","modified_gmt":"2015-10-16T18:44:12","slug":"emprego-na-industria-tem-oitavo-resultado-negativo-seguido","status":"publish","type":"post","link":"https:\/\/migracao.redenoticia.com.br\/noticia\/2015\/emprego-na-industria-tem-oitavo-resultado-negativo-seguido\/76428","title":{"rendered":"Emprego na ind\u00fastria tem oitavo resultado negativo seguido"},"content":{"rendered":"<p> O <strong><em>emprego industrial<\/em><\/strong> fechou o m\u00eas de agosto com queda de 0,8% no n\u00famero de postos de trabalho, na compara\u00e7\u00e3o com o m\u00eas imediatamente anterior, no oitavo resultado negativo consecutivo, acumulando retra\u00e7\u00e3o de 5,6%. Os dados foram divulgados pelo Instituto Brasileiro de Geografia e Estat\u00edstica (IBGE)<\/p>\n<p>Na compara\u00e7\u00e3o com o mesmo m\u00eas do ano anterior, a retra\u00e7\u00e3o em agosto foi 6,9%, neste caso o 47\u00b0 resultado negativo consecutivo nesse tipo de confronto e o mais intenso da s\u00e9rie hist\u00f3rica, que come\u00e7ou em janeiro de 2001. No \u00edndice acumulado no ano de 2015, o total do pessoal ocupado na ind\u00fastria recuou 5,6%. O \u00edndice acumulado nos \u00faltimos doze meses, ao recuar 5,1% em agosto, manteve a trajet\u00f3ria descendente iniciada em setembro de 2013 (-1,0%).<\/p>\n<p>O recuo de 5,6% acumulado nos oito meses do ano reflete taxas negativas nos dezoito setores investigados. As contribui\u00e7\u00f5es negativas mais relevantes sobre a m\u00e9dia nacional vieram de meios de transporte (-10,4%), m\u00e1quinas e aparelhos eletroeletr\u00f4nicos e de comunica\u00e7\u00f5es (-13,1%), produtos de metal (-10,5%), m\u00e1quinas e equipamentos (-7,2%), alimentos e bebidas (-2,4%), e outros produtos da ind\u00fastria de transforma\u00e7\u00e3o (-9,2%).<\/p>\n<p>Horas pagas<\/p>\n<p>Os dados divulgados hoje pelo IBGE mostram ainda que houve queda de 0,9% no n\u00famero de horas pagas em agosto em rela\u00e7\u00e3o ao m\u00eas anterior, a sexta taxa negativa consecutiva, acumulando nesse per\u00edodo perda de 5,5%. Na compara\u00e7\u00e3o com agosto do ano anterior, o n\u00famero de horas pagas aos trabalhadores da ind\u00fastria caiu 7,5% em agosto de 2015, vig\u00e9sima s\u00e9tima taxa negativa consecutiva neste tipo de confronto e a mais intensa desde o in\u00edcio da s\u00e9rie hist\u00f3rica.<\/p>\n<p>O \u00edndice acumulado de janeiro a agosto de 2015 recuou 6,2%, intensificando o ritmo de queda frente ao fechamento do primeiro semestre do ano (-5,8%) \u2013 ambas as compara\u00e7\u00f5es feitas com os mesmos per\u00edodos do ano anterior. O \u00edndice acumulado nos \u00faltimos doze meses, ao passar de -5,5% em julho para -5,8% em agosto, manteve a trajet\u00f3ria descendente iniciada em setembro de 2013 (-1,0%).<\/p>\n<p>O recuo no resultado acumulado nos oito meses de 2015 reflete n\u00fameros negativos nos dezoito setores pesquisados, com os impactos mais relevantes vindos dos ramos meios de transporte (-11,2%), produtos de metal (-10,8%), m\u00e1quinas e aparelhos eletroeletr\u00f4nicos e de comunica\u00e7\u00f5es (-12,2%), m\u00e1quinas e equipamentos (-7,9%), alimentos e bebidas (-2,7%), e outros produtos da ind\u00fastria de transforma\u00e7\u00e3o (-9,9%).<\/p>\n<p>Folha de pagamento<\/p>\n<p>O valor da folha de pagamento real dos trabalhadores da ind\u00fastria recuou em agosto 1,3% frente ao m\u00eas imediatamente anterior \u2013 o segundo resultado negativo consecutivo, acumulando nesse per\u00edodo redu\u00e7\u00e3o de 3,1%.<\/p>\n<p>No \u00edndice desse m\u00eas, verifica-se a influ\u00eancia negativa da ind\u00fastria de transforma\u00e7\u00e3o (-0,9%), que aponta taxas negativas pelo oitavo m\u00eas seguido. Na compara\u00e7\u00e3o com agosto do ano passado, o valor da folha de pagamento real recuou 8,4%, a 15\u00aa taxa negativa consecutiva neste tipo de confronto e a mais intensa desde maio \u00faltimo (-9,8%).<\/p>\n<p>No \u00edndice acumulado para os oito meses de 2015, o valor da folha de pagamento da ind\u00fastria caiu 6,5%, ritmo de queda mais elevado do que o observado no primeiro semestre do ano (-6,2%), ambas as compara\u00e7\u00f5es feitas com o mesmo per\u00edodo do ano anterior.<\/p>\n<p>J\u00e1 a taxa anualizada, \u00edndice acumulado nos \u00faltimos doze meses, ao mostrar redu\u00e7\u00e3o de 5,6% em agosto de 2015, apontou o resultado negativo mais intenso desde o in\u00edcio da s\u00e9rie hist\u00f3rica e permaneceu com a trajet\u00f3ria descendente iniciada em janeiro de 2014.<\/p>\n<p>Nielmar de Oliveira Silva \u2013 Rep\u00f3rter da Ag\u00eancia Brasil<br \/>\nEdi\u00e7\u00e3o: Denise Griesinger<\/p>\n","protected":false},"excerpt":{"rendered":"<p>O emprego industrial fechou o m\u00eas de agosto com queda de 0,8% no n\u00famero de postos de trabalho, na compara\u00e7\u00e3o com o m\u00eas imediatamente anterior, no oitavo resultado negativo consecutivo, acumulando retra\u00e7\u00e3o de 5,6%. Os dados foram divulgados pelo Instituto Brasileiro de Geografia e Estat\u00edstica (IBGE) Na compara\u00e7\u00e3o com o mesmo m\u00eas do ano anterior, [&hellip;]<\/p>\n","protected":false},"author":2,"featured_media":57585,"comment_status":"open","ping_status":"closed","sticky":false,"template":"","format":"standard","meta":{"tdm_status":"","tdm_grid_status":"","footnotes":""},"categories":[22,7],"tags":[],"class_list":{"0":"post-76428","1":"post","2":"type-post","3":"status-publish","4":"format-standard","5":"has-post-thumbnail","7":"category-brasil","8":"category-economia"},"_links":{"self":[{"href":"https:\/\/migracao.redenoticia.com.br\/noticia\/wp-json\/wp\/v2\/posts\/76428","targetHints":{"allow":["GET"]}}],"collection":[{"href":"https:\/\/migracao.redenoticia.com.br\/noticia\/wp-json\/wp\/v2\/posts"}],"about":[{"href":"https:\/\/migracao.redenoticia.com.br\/noticia\/wp-json\/wp\/v2\/types\/post"}],"author":[{"embeddable":true,"href":"https:\/\/migracao.redenoticia.com.br\/noticia\/wp-json\/wp\/v2\/users\/2"}],"replies":[{"embeddable":true,"href":"https:\/\/migracao.redenoticia.com.br\/noticia\/wp-json\/wp\/v2\/comments?post=76428"}],"version-history":[{"count":0,"href":"https:\/\/migracao.redenoticia.com.br\/noticia\/wp-json\/wp\/v2\/posts\/76428\/revisions"}],"wp:featuredmedia":[{"embeddable":true,"href":"https:\/\/migracao.redenoticia.com.br\/noticia\/wp-json\/wp\/v2\/media\/57585"}],"wp:attachment":[{"href":"https:\/\/migracao.redenoticia.com.br\/noticia\/wp-json\/wp\/v2\/media?parent=76428"}],"wp:term":[{"taxonomy":"category","embeddable":true,"href":"https:\/\/migracao.redenoticia.com.br\/noticia\/wp-json\/wp\/v2\/categories?post=76428"},{"taxonomy":"post_tag","embeddable":true,"href":"https:\/\/migracao.redenoticia.com.br\/noticia\/wp-json\/wp\/v2\/tags?post=76428"}],"curies":[{"name":"wp","href":"https:\/\/api.w.org\/{rel}","templated":true}]}}