{"id":7645,"date":"2009-08-05T12:23:08","date_gmt":"2009-08-05T16:23:08","guid":{"rendered":"http:\/\/www.redenoticia.com.br\/noticia\/?p=7645"},"modified":"2009-08-05T12:23:08","modified_gmt":"2009-08-05T16:23:08","slug":"nasi-no-manos-e-minas","status":"publish","type":"post","link":"https:\/\/migracao.redenoticia.com.br\/noticia\/2009\/nasi-no-manos-e-minas\/7645","title":{"rendered":"Nasi no Manos e Minas"},"content":{"rendered":"<p><strong><a href=\"https:\/\/migracao.redenoticia.com.br\/noticia\/imagens\/\/nasi.jpg\"><img loading=\"lazy\" decoding=\"async\" class=\"alignleft size-full wp-image-7644\" title=\"nasi\" src=\"https:\/\/migracao.redenoticia.com.br\/noticia\/imagens\/\/nasi.jpg\" alt=\"nasi\" width=\"150\" height=\"113\" \/><\/a><\/strong>Ex- vocalista do grupo Ira! relembra os conflitos com a fam\u00edlia e o fim da banda, e revela que atualmente est\u00e1 de bem com a vida. Nasi vive uma outra fase em sua vida. Com nova banda, o ex-l\u00edder do Ira! ainda comenta eventos esportivos na TV e r\u00e1dio. Num clima bastante descontra\u00eddo, Nasi participa do programa Manos e Minas, neste s\u00e1bado (1\/8), \u00e0s 19h, na TV Cultura, e conta detalhes da \u00e9poca conturbada de sua vida, quando cortou rela\u00e7\u00f5es com o irm\u00e3o e o pai, e saiu do grupo que lhe consagrou. O m\u00fasico ainda fala sobre seu atual momento e sua admira\u00e7\u00e3o pelo rap nacional.\u00a0<br \/>\nNo meio do bate-papo com o apresentador Tha\u00edde, Nasi desabafa: &#8220;voc\u00ea sabe que esse \u00e9 um mundo em que impera a falsidade, a mentira e o interesse por dinheiro. Mas, s\u00f3 n\u00e3o me destru\u00ed gra\u00e7as ao p\u00fablico que reconheceu o meu trabalho, coisa que batalhei durante 27 anos. E eu digo pra voc\u00eas: o que n\u00e3o me destruiu me tornou mais forte, por isso estou aqui hoje&#8221;.<\/p>\n<p>Durante o programa, Nasi ainda conta que j\u00e1 foi produtor de rap no in\u00edcio da d\u00e9cada de 80 e que descobriu rappers como Run DMC, Grand Master Flash, Kurtis Blow e Africa Bambaataa. &#8220;Produzi os primeiros discos de rap nacional, depois trabalhei com Tha\u00edde. Hoje eu sou apenas um m\u00fasico, gosto muito do rap nacional. Acho o rap nacional melhor que o rap americano porque ele mant\u00e9m suas ra\u00edzes com a comunidade. E hoje eu s\u00f3 bato palmas para caras como voc\u00ea a\u00ed (apontando para Tha\u00edde) e tantos outros, como os Racionais, Rappin&#8217;Hood. Tem muita gente boa no rap brasileiro&#8221;.<\/p>\n<p>Ainda nesta edi\u00e7\u00e3o, o Manos e Minas faz uma reportagem sobre o famoso Samba do Trabalhador, que acontece \u00e0s segundas-feiras \u00e0 tarde, no Rio de Janeiro, e que os freq\u00fcentadores s\u00e3o, basicamente, m\u00fasicos e gar\u00e7ons, que por trabalharem todos os fins de semana, t\u00eam apenas a segunda-feira para descansar.<\/p>\n<p>No quadro Interfer\u00eancia, Ferr\u00e9z conversa com o escritor Paulo Lins, o autor do livro Cidade de Deus, e Eric Jay d\u00e1 sua terceira aula de DJ, mostrando os segredos da t\u00e9cnica chamada de Back to Back.<\/p>\n","protected":false},"excerpt":{"rendered":"<p>Ex- vocalista do grupo Ira! relembra os conflitos com a fam\u00edlia e o fim da banda, e revela que atualmente est\u00e1 de bem com a vida. Nasi vive uma outra fase em sua vida. Com nova banda, o ex-l\u00edder do Ira! ainda comenta eventos esportivos na TV e r\u00e1dio. Num clima bastante descontra\u00eddo, Nasi participa [&hellip;]<\/p>\n","protected":false},"author":3,"featured_media":0,"comment_status":"open","ping_status":"open","sticky":false,"template":"","format":"standard","meta":{"tdm_status":"","tdm_grid_status":"","footnotes":""},"categories":[22,343],"tags":[],"class_list":{"0":"post-7645","1":"post","2":"type-post","3":"status-publish","4":"format-standard","6":"category-brasil","7":"category-televisao"},"_links":{"self":[{"href":"https:\/\/migracao.redenoticia.com.br\/noticia\/wp-json\/wp\/v2\/posts\/7645","targetHints":{"allow":["GET"]}}],"collection":[{"href":"https:\/\/migracao.redenoticia.com.br\/noticia\/wp-json\/wp\/v2\/posts"}],"about":[{"href":"https:\/\/migracao.redenoticia.com.br\/noticia\/wp-json\/wp\/v2\/types\/post"}],"author":[{"embeddable":true,"href":"https:\/\/migracao.redenoticia.com.br\/noticia\/wp-json\/wp\/v2\/users\/3"}],"replies":[{"embeddable":true,"href":"https:\/\/migracao.redenoticia.com.br\/noticia\/wp-json\/wp\/v2\/comments?post=7645"}],"version-history":[{"count":0,"href":"https:\/\/migracao.redenoticia.com.br\/noticia\/wp-json\/wp\/v2\/posts\/7645\/revisions"}],"wp:attachment":[{"href":"https:\/\/migracao.redenoticia.com.br\/noticia\/wp-json\/wp\/v2\/media?parent=7645"}],"wp:term":[{"taxonomy":"category","embeddable":true,"href":"https:\/\/migracao.redenoticia.com.br\/noticia\/wp-json\/wp\/v2\/categories?post=7645"},{"taxonomy":"post_tag","embeddable":true,"href":"https:\/\/migracao.redenoticia.com.br\/noticia\/wp-json\/wp\/v2\/tags?post=7645"}],"curies":[{"name":"wp","href":"https:\/\/api.w.org\/{rel}","templated":true}]}}