{"id":76508,"date":"2015-10-19T16:44:28","date_gmt":"2015-10-19T18:44:28","guid":{"rendered":"http:\/\/www.redenoticia.com.br\/noticia\/?p=76508"},"modified":"2015-10-19T16:44:28","modified_gmt":"2015-10-19T18:44:28","slug":"demanda-por-credito-tem-queda-de-39-em-setembro-mostra-serasa","status":"publish","type":"post","link":"https:\/\/migracao.redenoticia.com.br\/noticia\/2015\/demanda-por-credito-tem-queda-de-39-em-setembro-mostra-serasa\/76508","title":{"rendered":"Demanda por cr\u00e9dito tem queda de 3,9% em setembro, mostra Serasa"},"content":{"rendered":"<p> A <strong><em>demanda por cr\u00e9dito<\/em><\/strong> caiu 3,9% em setembro em compara\u00e7\u00e3o com agosto, segundo levantamento divulgado pela Serasa Experian. Em rela\u00e7\u00e3o a setembro do ano passado, a procura por financiamentos teve retra\u00e7\u00e3o de 3,6%. No acumulado dos nove primeiros meses do ano, por\u00e9m, foi registrado crescimento de 3,2% sobre a procura por cr\u00e9dito no mesmo per\u00edodo de 2014.<\/p>\n<p>A consultoria atribui a redu\u00e7\u00e3o da procura por empr\u00e9stimos ao aumento dos custos do credi\u00e1rio, \u00e0 queda nos n\u00edveis de confian\u00e7a do consumidor e \u00e0 eleva\u00e7\u00e3o da taxa de desemprego.<\/p>\n<p>Por faixa de renda, a maior queda (-4,1%) na procura por cr\u00e9dito entre setembro e agosto foi daqueles com renda entre R$ 500 e R$ 1.000. Em compara\u00e7\u00e3o com setembro do ano passado, as pessoas com esse patamar de rendimento mensal reduziram em 3,6% a busca por empr\u00e9stimos. No acumulado de janeiro a setembro, os enquadrados nessa faixa de renda aumentaram em 3,5% a procura por cr\u00e9dito.<\/p>\n<p>A \u00fanica faixa de renda que teve queda no interesse por financiamentos nos primeiros nove meses de 2015 foi a com rendimento de at\u00e9 R$ 500. Em rela\u00e7\u00e3o ao mesmo per\u00edodo de 2014, essas pessoas reduziram em 2,6% a busca por cr\u00e9dito. Em rela\u00e7\u00e3o a setembro do ano passado, a retra\u00e7\u00e3o \u00e9 5,9% e 3,9% na compara\u00e7\u00e3o com agosto.<\/p>\n<p>A Regi\u00e3o Sul foi a que registrou a maior redu\u00e7\u00e3o na procura por cr\u00e9dito em setembro, em compara\u00e7\u00e3o com agosto (-7,5%). Em rela\u00e7\u00e3o a setembro de 2014, a retra\u00e7\u00e3o \u00e9 4,2%.<\/p>\n<p>Daniel Mello &#8211; Rep\u00f3rter da Ag\u00eancia Brasil<br \/>\nEdi\u00e7\u00e3o: Gra\u00e7a Adjuto<\/p>\n","protected":false},"excerpt":{"rendered":"<p>A demanda por cr\u00e9dito caiu 3,9% em setembro em compara\u00e7\u00e3o com agosto, segundo levantamento divulgado pela Serasa Experian. Em rela\u00e7\u00e3o a setembro do ano passado, a procura por financiamentos teve retra\u00e7\u00e3o de 3,6%. No acumulado dos nove primeiros meses do ano, por\u00e9m, foi registrado crescimento de 3,2% sobre a procura por cr\u00e9dito no mesmo per\u00edodo [&hellip;]<\/p>\n","protected":false},"author":2,"featured_media":38938,"comment_status":"open","ping_status":"closed","sticky":false,"template":"","format":"standard","meta":{"tdm_status":"","tdm_grid_status":"","footnotes":""},"categories":[22,7],"tags":[],"class_list":{"0":"post-76508","1":"post","2":"type-post","3":"status-publish","4":"format-standard","5":"has-post-thumbnail","7":"category-brasil","8":"category-economia"},"_links":{"self":[{"href":"https:\/\/migracao.redenoticia.com.br\/noticia\/wp-json\/wp\/v2\/posts\/76508","targetHints":{"allow":["GET"]}}],"collection":[{"href":"https:\/\/migracao.redenoticia.com.br\/noticia\/wp-json\/wp\/v2\/posts"}],"about":[{"href":"https:\/\/migracao.redenoticia.com.br\/noticia\/wp-json\/wp\/v2\/types\/post"}],"author":[{"embeddable":true,"href":"https:\/\/migracao.redenoticia.com.br\/noticia\/wp-json\/wp\/v2\/users\/2"}],"replies":[{"embeddable":true,"href":"https:\/\/migracao.redenoticia.com.br\/noticia\/wp-json\/wp\/v2\/comments?post=76508"}],"version-history":[{"count":0,"href":"https:\/\/migracao.redenoticia.com.br\/noticia\/wp-json\/wp\/v2\/posts\/76508\/revisions"}],"wp:featuredmedia":[{"embeddable":true,"href":"https:\/\/migracao.redenoticia.com.br\/noticia\/wp-json\/wp\/v2\/media\/38938"}],"wp:attachment":[{"href":"https:\/\/migracao.redenoticia.com.br\/noticia\/wp-json\/wp\/v2\/media?parent=76508"}],"wp:term":[{"taxonomy":"category","embeddable":true,"href":"https:\/\/migracao.redenoticia.com.br\/noticia\/wp-json\/wp\/v2\/categories?post=76508"},{"taxonomy":"post_tag","embeddable":true,"href":"https:\/\/migracao.redenoticia.com.br\/noticia\/wp-json\/wp\/v2\/tags?post=76508"}],"curies":[{"name":"wp","href":"https:\/\/api.w.org\/{rel}","templated":true}]}}