{"id":76514,"date":"2015-10-19T16:37:57","date_gmt":"2015-10-19T18:37:57","guid":{"rendered":"http:\/\/www.redenoticia.com.br\/noticia\/?p=76514"},"modified":"2015-10-19T16:37:57","modified_gmt":"2015-10-19T18:37:57","slug":"indicador-que-antecipa-tendencia-economica-cai-14-em-setembro","status":"publish","type":"post","link":"https:\/\/migracao.redenoticia.com.br\/noticia\/2015\/indicador-que-antecipa-tendencia-economica-cai-14-em-setembro\/76514","title":{"rendered":"Indicador que antecipa tend\u00eancia econ\u00f4mica cai 1,4% em setembro"},"content":{"rendered":"<p>O Indicador <strong><em>Antecedente Composto da Economia<\/em><\/strong> (Iace) para o Brasil, que agrega componentes econ\u00f4micos para medir a atividade econ\u00f4mica do pa\u00eds, caiu 1,4% em setembro, para 86,2 pontos. O dado foi divulgado pelo Instituto Brasileiro de Economia da Funda\u00e7\u00e3o Getulio Vargas (Ibre\/FGV) e pela institui\u00e7\u00e3o The Conference Board (TCB).<\/p>\n<p>Segundo o levantamento, seis das oito vari\u00e1veis integrantes do indicador contribu\u00edram negativamente para o resultado em setembro: os \u00edndices de Expectativas do Consumidor, da Ind\u00fastria, do Setor de Servi\u00e7os, a Taxa Referencial de Swaps, o \u00cdndice de Produ\u00e7\u00e3o F\u00edsica de Bens de Consumo Dur\u00e1veis, e o Ibovespa.<\/p>\n<p>\u201cA queda do Iace continuou forte em setembro, sugerindo ser improv\u00e1vel um arrefecimento do quadro recessivo atual no futuro pr\u00f3ximo. Com a tend\u00eancia declinante do consumo dom\u00e9stico, o momento ainda desfavor\u00e1vel para a demanda externa e a persist\u00eancia de incertezas acerca do ajuste fiscal, a recupera\u00e7\u00e3o da economia brasileira continua enfrentando obst\u00e1culos consider\u00e1veis\u201d, disse o economista da FGV Paulo Picchetti.<\/p>\n<p>Em contrapartida, o Indicador Coincidente Composto da Economia (ICCE) do Brasil &#8211; tamb\u00e9m elaborado pelo Ibre\/FGV e TCB &#8211; que mede as condi\u00e7\u00f5es econ\u00f4micas atuais, mostrou pequena melhora: avan\u00e7ou 0,2% em agosto, registrando 101,7 pontos. Em agosto, houve recuo de 0,7% e, em julho, de 0,3%.<\/p>\n<p>Bruno Bocchini &#8211; Rep\u00f3rter da Ag\u00eancia Brasil<br \/>\nEdi\u00e7\u00e3o: Juliana Andrade<\/p>\n","protected":false},"excerpt":{"rendered":"<p>O Indicador Antecedente Composto da Economia (Iace) para o Brasil, que agrega componentes econ\u00f4micos para medir a atividade econ\u00f4mica do pa\u00eds, caiu 1,4% em setembro, para 86,2 pontos. O dado foi divulgado pelo Instituto Brasileiro de Economia da Funda\u00e7\u00e3o Getulio Vargas (Ibre\/FGV) e pela institui\u00e7\u00e3o The Conference Board (TCB). Segundo o levantamento, seis das oito [&hellip;]<\/p>\n","protected":false},"author":2,"featured_media":57583,"comment_status":"open","ping_status":"closed","sticky":false,"template":"","format":"standard","meta":{"tdm_status":"","tdm_grid_status":"","footnotes":""},"categories":[22,7],"tags":[],"class_list":{"0":"post-76514","1":"post","2":"type-post","3":"status-publish","4":"format-standard","5":"has-post-thumbnail","7":"category-brasil","8":"category-economia"},"_links":{"self":[{"href":"https:\/\/migracao.redenoticia.com.br\/noticia\/wp-json\/wp\/v2\/posts\/76514","targetHints":{"allow":["GET"]}}],"collection":[{"href":"https:\/\/migracao.redenoticia.com.br\/noticia\/wp-json\/wp\/v2\/posts"}],"about":[{"href":"https:\/\/migracao.redenoticia.com.br\/noticia\/wp-json\/wp\/v2\/types\/post"}],"author":[{"embeddable":true,"href":"https:\/\/migracao.redenoticia.com.br\/noticia\/wp-json\/wp\/v2\/users\/2"}],"replies":[{"embeddable":true,"href":"https:\/\/migracao.redenoticia.com.br\/noticia\/wp-json\/wp\/v2\/comments?post=76514"}],"version-history":[{"count":0,"href":"https:\/\/migracao.redenoticia.com.br\/noticia\/wp-json\/wp\/v2\/posts\/76514\/revisions"}],"wp:featuredmedia":[{"embeddable":true,"href":"https:\/\/migracao.redenoticia.com.br\/noticia\/wp-json\/wp\/v2\/media\/57583"}],"wp:attachment":[{"href":"https:\/\/migracao.redenoticia.com.br\/noticia\/wp-json\/wp\/v2\/media?parent=76514"}],"wp:term":[{"taxonomy":"category","embeddable":true,"href":"https:\/\/migracao.redenoticia.com.br\/noticia\/wp-json\/wp\/v2\/categories?post=76514"},{"taxonomy":"post_tag","embeddable":true,"href":"https:\/\/migracao.redenoticia.com.br\/noticia\/wp-json\/wp\/v2\/tags?post=76514"}],"curies":[{"name":"wp","href":"https:\/\/api.w.org\/{rel}","templated":true}]}}