{"id":76516,"date":"2015-10-19T16:41:14","date_gmt":"2015-10-19T18:41:14","guid":{"rendered":"http:\/\/www.redenoticia.com.br\/noticia\/?p=76516"},"modified":"2015-10-19T16:41:14","modified_gmt":"2015-10-19T18:41:14","slug":"fazenda-lancara-pesquisa-mensal-com-previsoes-para-contas-publicas","status":"publish","type":"post","link":"https:\/\/migracao.redenoticia.com.br\/noticia\/2015\/fazenda-lancara-pesquisa-mensal-com-previsoes-para-contas-publicas\/76516","title":{"rendered":"Fazenda lan\u00e7ar\u00e1 pesquisa mensal com previs\u00f5es para contas p\u00fablicas"},"content":{"rendered":"<p> At\u00e9 o fim do ano, a popula\u00e7\u00e3o ter\u00e1 \u00e0 disposi\u00e7\u00e3o uma m\u00e9dia das <strong><em>previs\u00f5es do mercado para indicadores fiscais<\/em><\/strong>. O Minist\u00e9rio da Fazenda pretende divulgar, a partir de dezembro, uma pesquisa mensal com estimativas de institui\u00e7\u00f5es financeiras para cinco vari\u00e1veis: arrecada\u00e7\u00e3o da Receita Federal, receita l\u00edquida, despesa e resultado prim\u00e1rio do Governo Central (divulgados pelo Tesouro Nacional) e d\u00edvida bruta do Governo Geral (divulgado mensalmente pelo Banco Central).<\/p>\n<p>Realizado pela Secretaria de Pol\u00edtica Econ\u00f4mica (SPE) do Minist\u00e9rio da Fazenda, o levantamento se chamar\u00e1 Prisma Fiscal e funcionar\u00e1 nos moldes do Boletim Focus, pesquisa do Banco Central (BC) com institui\u00e7\u00f5es financeiras. A diferen\u00e7a \u00e9 que a divulga\u00e7\u00e3o ocorrer\u00e1 apenas uma vez por m\u00eas, em vez de semanal como \u00e9 o relat\u00f3rio do BC.<\/p>\n<p>As institui\u00e7\u00f5es financeiras repassar\u00e3o \u00e0 SPE as proje\u00e7\u00f5es mensais de cada uma das vari\u00e1veis para os pr\u00f3ximos 12 meses e as proje\u00e7\u00f5es anuais para os pr\u00f3ximos tr\u00eas anos. Apenas no caso da d\u00edvida bruta, as institui\u00e7\u00f5es repassar\u00e3o apenas as estimativas anuais. Os dados precisar\u00e3o ser enviados at\u00e9 o quinto dia \u00fatil de cada m\u00eas. A SPE consolidar\u00e1 os n\u00fameros e divulgar\u00e1 a m\u00e9dia das previs\u00f5es para cada vari\u00e1vel no fim do m\u00eas seguinte.<\/p>\n<p>A partir de junho de 2016, as tr\u00eas institui\u00e7\u00f5es que mais acertarem nas previs\u00f5es ter\u00e3o o nome divulgado num ranking por vari\u00e1vel. O sistema \u00e9 semelhante ao do Boletim Focus, em que as cinco institui\u00e7\u00f5es com as estimativas mais precisas tamb\u00e9m t\u00eam o nome divulgado. Al\u00e9m de institui\u00e7\u00f5es de mercado, universidades e institutos de pesquisa poder\u00e3o participar do Prisma Fiscal.<\/p>\n<p>Desde janeiro, o Minist\u00e9rio da Fazenda trabalha na elabora\u00e7\u00e3o do levantamento. O secret\u00e1rio adjunto da SPE, Rog\u00e9rio Boueri, informou que a divulga\u00e7\u00e3o peri\u00f3dica da pesquisa trar\u00e1 tr\u00eas efeitos positivos para as contas p\u00fablicas: melhoria da comunica\u00e7\u00e3o entre o governo e o mercado, aumento da transpar\u00eancia e acompanhamento das vari\u00e1veis fiscais pela sociedade.<\/p>\n<p>\u201cExistem previs\u00f5es n\u00e3o divulgadas oficialmente pelo Minist\u00e9rio da Fazenda e que hoje circulam como opini\u00f5es individuais [sobre as contas fiscais]. A sistematiza\u00e7\u00e3o desses dados representa sim, uma forma de transpar\u00eancia\u201d, explica Boueri. Ele acrescenta que, com o tempo, a popula\u00e7\u00e3o poder\u00e1 monitorar se as estimativas da SPE est\u00e3o em linha com as do mercado.<\/p>\n<p>Wellton M\u00e1ximo \u2013 Rep\u00f3rter da Ag\u00eancia Brasil<br \/>\nEdi\u00e7\u00e3o: Armando Cardoso<\/p>\n","protected":false},"excerpt":{"rendered":"<p>At\u00e9 o fim do ano, a popula\u00e7\u00e3o ter\u00e1 \u00e0 disposi\u00e7\u00e3o uma m\u00e9dia das previs\u00f5es do mercado para indicadores fiscais. O Minist\u00e9rio da Fazenda pretende divulgar, a partir de dezembro, uma pesquisa mensal com estimativas de institui\u00e7\u00f5es financeiras para cinco vari\u00e1veis: arrecada\u00e7\u00e3o da Receita Federal, receita l\u00edquida, despesa e resultado prim\u00e1rio do Governo Central (divulgados pelo [&hellip;]<\/p>\n","protected":false},"author":2,"featured_media":57585,"comment_status":"open","ping_status":"closed","sticky":false,"template":"","format":"standard","meta":{"tdm_status":"","tdm_grid_status":"","footnotes":""},"categories":[22,7],"tags":[],"class_list":{"0":"post-76516","1":"post","2":"type-post","3":"status-publish","4":"format-standard","5":"has-post-thumbnail","7":"category-brasil","8":"category-economia"},"_links":{"self":[{"href":"https:\/\/migracao.redenoticia.com.br\/noticia\/wp-json\/wp\/v2\/posts\/76516","targetHints":{"allow":["GET"]}}],"collection":[{"href":"https:\/\/migracao.redenoticia.com.br\/noticia\/wp-json\/wp\/v2\/posts"}],"about":[{"href":"https:\/\/migracao.redenoticia.com.br\/noticia\/wp-json\/wp\/v2\/types\/post"}],"author":[{"embeddable":true,"href":"https:\/\/migracao.redenoticia.com.br\/noticia\/wp-json\/wp\/v2\/users\/2"}],"replies":[{"embeddable":true,"href":"https:\/\/migracao.redenoticia.com.br\/noticia\/wp-json\/wp\/v2\/comments?post=76516"}],"version-history":[{"count":0,"href":"https:\/\/migracao.redenoticia.com.br\/noticia\/wp-json\/wp\/v2\/posts\/76516\/revisions"}],"wp:featuredmedia":[{"embeddable":true,"href":"https:\/\/migracao.redenoticia.com.br\/noticia\/wp-json\/wp\/v2\/media\/57585"}],"wp:attachment":[{"href":"https:\/\/migracao.redenoticia.com.br\/noticia\/wp-json\/wp\/v2\/media?parent=76516"}],"wp:term":[{"taxonomy":"category","embeddable":true,"href":"https:\/\/migracao.redenoticia.com.br\/noticia\/wp-json\/wp\/v2\/categories?post=76516"},{"taxonomy":"post_tag","embeddable":true,"href":"https:\/\/migracao.redenoticia.com.br\/noticia\/wp-json\/wp\/v2\/tags?post=76516"}],"curies":[{"name":"wp","href":"https:\/\/api.w.org\/{rel}","templated":true}]}}