{"id":76553,"date":"2015-10-20T17:19:16","date_gmt":"2015-10-20T19:19:16","guid":{"rendered":"http:\/\/www.redenoticia.com.br\/noticia\/?p=76553"},"modified":"2015-10-20T17:19:16","modified_gmt":"2015-10-20T19:19:16","slug":"rio-2016-abre-nova-fase-de-venda-de-ingressos-as-10h-de-hoje","status":"publish","type":"post","link":"https:\/\/migracao.redenoticia.com.br\/noticia\/2015\/rio-2016-abre-nova-fase-de-venda-de-ingressos-as-10h-de-hoje\/76553","title":{"rendered":"Rio 2016 abre nova fase de venda de ingressos \u00e0s 10h de hoje"},"content":{"rendered":"<p>O Comit\u00ea Organizador Rio 2016 abriu\u00a0mais uma etapa da venda de <em><strong>ingressos para os Jogos Ol\u00edmpicos<\/strong><\/em> do ano que vem. H\u00e1 t\u00edquetes dispon\u00edveis para 518 sess\u00f5es, entre elas as cerim\u00f4nias de encerramento e abertura e as finais de v\u00e1rios esportes.<\/p>\n<p>Desta vez, n\u00e3o haver\u00e1 sorteio, quem acessar o  e finalizar a compra primeiro garante os ingressos. Entre as sess\u00f5es esportivas com bilhetes dispon\u00edveis para a compra est\u00e3o as finais de basquete, futebol, handebol, t\u00eanis (torneio simples) e gin\u00e1stica art\u00edstica (por equipes).<\/p>\n<p>Al\u00e9m disso, h\u00e1 ingressos para a disputa de medalha de bronze do voleibol. A previs\u00e3o do Comit\u00ea Organizador \u00e9 que as sess\u00f5es mais concorridas se encerrem logo nas primeiras horas. As demais continuar\u00e3o sendo vendidas at\u00e9 os Jogos, enquanto durarem os bilhetes.<\/p>\n<p>Vitor Abdala \u2013 Rep\u00f3rter da Ag\u00eancia Brasil<br \/>\nEdi\u00e7\u00e3o: Denise Griesinger<\/p>\n<p>&#8212;<\/p>\n<p>A Empresa Brasil de Comunica\u00e7\u00e3o \u00e9 uma institui\u00e7\u00e3o da democracia brasileira: p\u00fablica, inclusiva e cidad\u00e3.\u00a0 Criada em 2007 para fortalecer o sistema p\u00fablico de comunica\u00e7\u00e3o, \u00e9 gestora dos canais TV Brasil, TV Brasil Internacional, Ag\u00eancia Brasil, Radioag\u00eancia Nacional e do sistema p\u00fablico de R\u00e1dio \u2013 composto por oito emissoras. Estes, por sua independ\u00eancia editorial, distinguem-se dos canais estatais ou governamentais, com conte\u00fados diferenciados e complementares aos canais privados. Os ve\u00edculos da EBC t\u00eam autonomia para definir produ\u00e7\u00e3o, programa\u00e7\u00e3o e distribui\u00e7\u00e3o de conte\u00fados.<\/p>\n","protected":false},"excerpt":{"rendered":"<p>O Comit\u00ea Organizador Rio 2016 abriu\u00a0mais uma etapa da venda de ingressos para os Jogos Ol\u00edmpicos do ano que vem. H\u00e1 t\u00edquetes dispon\u00edveis para 518 sess\u00f5es, entre elas as cerim\u00f4nias de encerramento e abertura e as finais de v\u00e1rios esportes. Desta vez, n\u00e3o haver\u00e1 sorteio, quem acessar o e finalizar a compra primeiro garante os [&hellip;]<\/p>\n","protected":false},"author":2,"featured_media":39880,"comment_status":"open","ping_status":"closed","sticky":false,"template":"","format":"standard","meta":{"tdm_status":"","tdm_grid_status":"","footnotes":""},"categories":[22],"tags":[],"class_list":{"0":"post-76553","1":"post","2":"type-post","3":"status-publish","4":"format-standard","5":"has-post-thumbnail","7":"category-brasil"},"_links":{"self":[{"href":"https:\/\/migracao.redenoticia.com.br\/noticia\/wp-json\/wp\/v2\/posts\/76553","targetHints":{"allow":["GET"]}}],"collection":[{"href":"https:\/\/migracao.redenoticia.com.br\/noticia\/wp-json\/wp\/v2\/posts"}],"about":[{"href":"https:\/\/migracao.redenoticia.com.br\/noticia\/wp-json\/wp\/v2\/types\/post"}],"author":[{"embeddable":true,"href":"https:\/\/migracao.redenoticia.com.br\/noticia\/wp-json\/wp\/v2\/users\/2"}],"replies":[{"embeddable":true,"href":"https:\/\/migracao.redenoticia.com.br\/noticia\/wp-json\/wp\/v2\/comments?post=76553"}],"version-history":[{"count":0,"href":"https:\/\/migracao.redenoticia.com.br\/noticia\/wp-json\/wp\/v2\/posts\/76553\/revisions"}],"wp:featuredmedia":[{"embeddable":true,"href":"https:\/\/migracao.redenoticia.com.br\/noticia\/wp-json\/wp\/v2\/media\/39880"}],"wp:attachment":[{"href":"https:\/\/migracao.redenoticia.com.br\/noticia\/wp-json\/wp\/v2\/media?parent=76553"}],"wp:term":[{"taxonomy":"category","embeddable":true,"href":"https:\/\/migracao.redenoticia.com.br\/noticia\/wp-json\/wp\/v2\/categories?post=76553"},{"taxonomy":"post_tag","embeddable":true,"href":"https:\/\/migracao.redenoticia.com.br\/noticia\/wp-json\/wp\/v2\/tags?post=76553"}],"curies":[{"name":"wp","href":"https:\/\/api.w.org\/{rel}","templated":true}]}}