{"id":76557,"date":"2015-10-20T17:22:00","date_gmt":"2015-10-20T19:22:00","guid":{"rendered":"http:\/\/www.redenoticia.com.br\/noticia\/?p=76557"},"modified":"2015-10-20T17:22:00","modified_gmt":"2015-10-20T19:22:00","slug":"cnc-intencao-de-consumo-das-familias-cai-pelo-nono-mes-seguido-em-outubro","status":"publish","type":"post","link":"https:\/\/migracao.redenoticia.com.br\/noticia\/2015\/cnc-intencao-de-consumo-das-familias-cai-pelo-nono-mes-seguido-em-outubro\/76557","title":{"rendered":"CNC: Inten\u00e7\u00e3o de consumo das fam\u00edlias cai pelo nono m\u00eas seguido em outubro"},"content":{"rendered":"<p>A <em><strong>Inten\u00e7\u00e3o de Consumo das Fam\u00edlias<\/strong><\/em> (ICF) brasileiras caiu pelo nono m\u00eas seguido em outubro, com 78,4 pontos, em uma escala em que resultados menores que 100 indicam insatisfa\u00e7\u00e3o com a situa\u00e7\u00e3o atual. Os dados foram divulgados pela Confedera\u00e7\u00e3o Nacional do Com\u00e9rcio de Bens, Servi\u00e7os e Turismo.<\/p>\n<p>O resultado de outubro representa o menor valor da s\u00e9rie hist\u00f3rica iniciada em 2010 e est\u00e1 35,5% abaixo do registrado no mesmo m\u00eas do ano passado, quando chegou a 121,5 pontos. Em rela\u00e7\u00e3o a setembro deste ano, houve queda de 1,8%.<\/p>\n<p>Para a CNC, o resultado reflete a &#8220;continuidade do quadro de deteriora\u00e7\u00e3o do Pa\u00eds nos \u00faltimos 12 meses, com acelera\u00e7\u00e3o da infla\u00e7\u00e3o, enfraquecimento da atividade econ\u00f4mica e aumento da incerteza pol\u00edtica&#8221;.<\/p>\n<p>Nenhum dos sete componentes da ICF teve varia\u00e7\u00e3o positiva em rela\u00e7\u00e3o a setembro e todos ca\u00edram mais de 18% em rela\u00e7\u00e3o ao ano passado. Na compara\u00e7\u00e3o com 2014, as perspectivas de consumo e o momento para a compra de bens dur\u00e1veis foram os indicadores que mais ca\u00edram na pesquisa, com 51,9% e 51% de queda. Para 70,7% dos entrevistados, o momento \u00e9 considerado &#8220;mau&#8221; para a aquisi\u00e7\u00e3o de bens dur\u00e1veis, enquanto 22% consideram &#8220;bom&#8221;.<\/p>\n<p>Em rela\u00e7\u00e3o ao m\u00eas passado, o indicador que mais apresentou recuo em outubro foi o n\u00edvel de consumo atual, com -3,7%.<\/p>\n<p>A Inten\u00e7\u00e3o do Consumo das Fam\u00edlias tem a menor pontua\u00e7\u00e3o registrada no Sudeste, com 67,2 pontos. A segunda menor \u00e9 a do Centro-Oeste, com 84 pontos. O Nordeste tem o maior \u00edndice, 93,2 pontos, mas registra queda de 1,5% em rela\u00e7\u00e3o a setembro e de 30,3% na compara\u00e7\u00e3o com 2014. No Sudeste, a queda ante o ano passado chega a 41,4%.<\/p>\n<p>Vin\u00edcius Lisboa &#8211; Rep\u00f3rter da Ag\u00eancia Brasil<br \/>\nEdi\u00e7\u00e3o: Jos\u00e9 Romildo<\/p>\n","protected":false},"excerpt":{"rendered":"<p>A Inten\u00e7\u00e3o de Consumo das Fam\u00edlias (ICF) brasileiras caiu pelo nono m\u00eas seguido em outubro, com 78,4 pontos, em uma escala em que resultados menores que 100 indicam insatisfa\u00e7\u00e3o com a situa\u00e7\u00e3o atual. Os dados foram divulgados pela Confedera\u00e7\u00e3o Nacional do Com\u00e9rcio de Bens, Servi\u00e7os e Turismo. O resultado de outubro representa o menor valor [&hellip;]<\/p>\n","protected":false},"author":2,"featured_media":57583,"comment_status":"open","ping_status":"closed","sticky":false,"template":"","format":"standard","meta":{"tdm_status":"","tdm_grid_status":"","footnotes":""},"categories":[22,7],"tags":[],"class_list":{"0":"post-76557","1":"post","2":"type-post","3":"status-publish","4":"format-standard","5":"has-post-thumbnail","7":"category-brasil","8":"category-economia"},"_links":{"self":[{"href":"https:\/\/migracao.redenoticia.com.br\/noticia\/wp-json\/wp\/v2\/posts\/76557","targetHints":{"allow":["GET"]}}],"collection":[{"href":"https:\/\/migracao.redenoticia.com.br\/noticia\/wp-json\/wp\/v2\/posts"}],"about":[{"href":"https:\/\/migracao.redenoticia.com.br\/noticia\/wp-json\/wp\/v2\/types\/post"}],"author":[{"embeddable":true,"href":"https:\/\/migracao.redenoticia.com.br\/noticia\/wp-json\/wp\/v2\/users\/2"}],"replies":[{"embeddable":true,"href":"https:\/\/migracao.redenoticia.com.br\/noticia\/wp-json\/wp\/v2\/comments?post=76557"}],"version-history":[{"count":0,"href":"https:\/\/migracao.redenoticia.com.br\/noticia\/wp-json\/wp\/v2\/posts\/76557\/revisions"}],"wp:featuredmedia":[{"embeddable":true,"href":"https:\/\/migracao.redenoticia.com.br\/noticia\/wp-json\/wp\/v2\/media\/57583"}],"wp:attachment":[{"href":"https:\/\/migracao.redenoticia.com.br\/noticia\/wp-json\/wp\/v2\/media?parent=76557"}],"wp:term":[{"taxonomy":"category","embeddable":true,"href":"https:\/\/migracao.redenoticia.com.br\/noticia\/wp-json\/wp\/v2\/categories?post=76557"},{"taxonomy":"post_tag","embeddable":true,"href":"https:\/\/migracao.redenoticia.com.br\/noticia\/wp-json\/wp\/v2\/tags?post=76557"}],"curies":[{"name":"wp","href":"https:\/\/api.w.org\/{rel}","templated":true}]}}