{"id":76591,"date":"2015-10-21T16:23:55","date_gmt":"2015-10-21T18:23:55","guid":{"rendered":"http:\/\/www.redenoticia.com.br\/noticia\/?p=76591"},"modified":"2015-10-21T16:23:55","modified_gmt":"2015-10-21T18:23:55","slug":"empresarios-discutem-apoio-da-fapesp-a-pesquisa-tecnologica","status":"publish","type":"post","link":"https:\/\/migracao.redenoticia.com.br\/noticia\/2015\/empresarios-discutem-apoio-da-fapesp-a-pesquisa-tecnologica\/76591","title":{"rendered":"Empres\u00e1rios discutem apoio da FAPESP \u00e0 pesquisa tecnol\u00f3gica"},"content":{"rendered":"<p>Ag\u00eancia FAPESP \u2013 A FAPESP ter\u00e1 papel mais atuante no incentivo \u00e0 <strong><em>inova\u00e7\u00e3o<\/em><\/strong> e est\u00e1 empenhada em aumentar o di\u00e1logo com o setor produtivo. A afirma\u00e7\u00e3o do presidente da Funda\u00e7\u00e3o, Jos\u00e9 Goldemberg, foi feita durante a reuni\u00e3o mensal do Conselho Superior de Inova\u00e7\u00e3o e Competitividade (Conic) da Federa\u00e7\u00e3o das Ind\u00fastrias do Estado de S\u00e3o Paulo (Fiesp).<\/p>\n<p>Durante a reuni\u00e3o, Goldemberg apresentou as linhas gerais do Programa FAPESP Pesquisa Inovativa em Pequenas Empresas () e do Programa de Apoio \u00e0 Pesquisa em Parceria para Inova\u00e7\u00e3o Tecnol\u00f3gica (), voltados ao apoio \u00e0 pesquisa em empresas, destacando n\u00fameros e valores empenhados em projetos de pesquisa origin\u00e1rios do setor produtivo.<\/p>\n<p>Para Goldemberg, o momento pede um aumento na demanda das empresas por apoio \u00e0 pesquisa. \u201cO setor empresarial precisa aumentar sua participa\u00e7\u00e3o na pesquisa por meio de projetos bem estruturados, que considerem as especificidades do setor produtivo, mas que atentem para a qualidade da pesquisa\u201d, observou.<\/p>\n<p>Do mesmo modo, a intera\u00e7\u00e3o com as universidades poderia, na vis\u00e3o do presidente da FAPESP, ser fundamental para a qualifica\u00e7\u00e3o de projetos de pesquisa que resultem em ganhos mais significativos para a ind\u00fastria e a sociedade.<\/p>\n<p>Para Rodrigo Loures, presidente do Conic, os programas da FAPESP voltados para a pesquisa em empresas deveriam estar articulados para que tanto pequenas como grandes empresas sejam vistas com o mesmo grau de import\u00e2ncia para a pesquisa. Segundo ele, \u00e9 importante haver um ambiente prop\u00edcio para apoiar o fomento ao empreendedorismo de classe mundial.<\/p>\n<p>Um dos t\u00f3picos debatidos durante a reuni\u00e3o foi a necessidade de incentivar a cria\u00e7\u00e3o de <i>startups<\/i>, devido sua import\u00e2ncia para a transfer\u00eancia de tecnologia em um ambiente de inova\u00e7\u00e3o. Para os membros do Conic, \u00e9 preciso induzir o pesquisador a criar mecanismos que fa\u00e7am com que as pesquisas resultem em patentes e bens de consumo com alto valor agregado.<\/p>\n<p>Wilson Nobre, da Funda\u00e7\u00e3o Get\u00falio Vargas (FGV), afirmou a necessidade de estimular ecossistemas para o desenvolvimento de<i>startups<\/i>, para as quais \u00e9 preciso haver muitas conex\u00f5es, nas empresas, universidades e sociedade. Para ele, \u00e9 preciso dar visibilidade a todos os integrantes desse ecossistema de <i>startups<\/i>, que produzem ideias boas e de baixo custo.<\/p>\n<p>A import\u00e2ncia da participa\u00e7\u00e3o do setor industrial na pesquisa tamb\u00e9m foi ressaltada pelo diretor do Departamento de Competitividade e Tecnologia (Decomtec) da Fiesp e vice-presidente do Conic, Jos\u00e9 Ricardo Roriz Coelho. Segundo ele, 65% do investimento em pesquisa e desenvolvimento no Brasil origina-se do setor industrial.<\/p>\n<p>A reuni\u00e3o do Conic teve tamb\u00e9m a participa\u00e7\u00e3o de Monica Rosina, coordenadora do Grupo de Estudo e Pesquisa em Inova\u00e7\u00e3o, e Alexandre Pacheco da Silva, coordenador do Laborat\u00f3rio de Empresas Nascentes de Tecnologia, que falaram sobre o trabalho feito na FGV para formar advogados voltados ao empreendedorismo, e Jos\u00e9 Borges Frias, Head of Strategy, Market Intelligence &amp; Business Excellence da Siemens, que falou sobre a Ind\u00fastria 4.0, plataforma criada na Alemanha para melhorar exponencialmente a competitividade industrial daquele pa\u00eds com base em pesquisa.<\/p>\n","protected":false},"excerpt":{"rendered":"<p>Ag\u00eancia FAPESP \u2013 A FAPESP ter\u00e1 papel mais atuante no incentivo \u00e0 inova\u00e7\u00e3o e est\u00e1 empenhada em aumentar o di\u00e1logo com o setor produtivo. A afirma\u00e7\u00e3o do presidente da Funda\u00e7\u00e3o, Jos\u00e9 Goldemberg, foi feita durante a reuni\u00e3o mensal do Conselho Superior de Inova\u00e7\u00e3o e Competitividade (Conic) da Federa\u00e7\u00e3o das Ind\u00fastrias do Estado de S\u00e3o Paulo [&hellip;]<\/p>\n","protected":false},"author":2,"featured_media":57576,"comment_status":"open","ping_status":"closed","sticky":false,"template":"","format":"standard","meta":{"tdm_status":"","tdm_grid_status":"","footnotes":""},"categories":[22],"tags":[],"class_list":{"0":"post-76591","1":"post","2":"type-post","3":"status-publish","4":"format-standard","5":"has-post-thumbnail","7":"category-brasil"},"_links":{"self":[{"href":"https:\/\/migracao.redenoticia.com.br\/noticia\/wp-json\/wp\/v2\/posts\/76591","targetHints":{"allow":["GET"]}}],"collection":[{"href":"https:\/\/migracao.redenoticia.com.br\/noticia\/wp-json\/wp\/v2\/posts"}],"about":[{"href":"https:\/\/migracao.redenoticia.com.br\/noticia\/wp-json\/wp\/v2\/types\/post"}],"author":[{"embeddable":true,"href":"https:\/\/migracao.redenoticia.com.br\/noticia\/wp-json\/wp\/v2\/users\/2"}],"replies":[{"embeddable":true,"href":"https:\/\/migracao.redenoticia.com.br\/noticia\/wp-json\/wp\/v2\/comments?post=76591"}],"version-history":[{"count":0,"href":"https:\/\/migracao.redenoticia.com.br\/noticia\/wp-json\/wp\/v2\/posts\/76591\/revisions"}],"wp:featuredmedia":[{"embeddable":true,"href":"https:\/\/migracao.redenoticia.com.br\/noticia\/wp-json\/wp\/v2\/media\/57576"}],"wp:attachment":[{"href":"https:\/\/migracao.redenoticia.com.br\/noticia\/wp-json\/wp\/v2\/media?parent=76591"}],"wp:term":[{"taxonomy":"category","embeddable":true,"href":"https:\/\/migracao.redenoticia.com.br\/noticia\/wp-json\/wp\/v2\/categories?post=76591"},{"taxonomy":"post_tag","embeddable":true,"href":"https:\/\/migracao.redenoticia.com.br\/noticia\/wp-json\/wp\/v2\/tags?post=76591"}],"curies":[{"name":"wp","href":"https:\/\/api.w.org\/{rel}","templated":true}]}}