{"id":76661,"date":"2015-10-22T17:42:38","date_gmt":"2015-10-22T19:42:38","guid":{"rendered":"http:\/\/www.redenoticia.com.br\/noticia\/?p=76661"},"modified":"2015-10-22T17:42:38","modified_gmt":"2015-10-22T19:42:38","slug":"ipem-sp-reprova-17-dos-produtos-hospitalares","status":"publish","type":"post","link":"https:\/\/migracao.redenoticia.com.br\/noticia\/2015\/ipem-sp-reprova-17-dos-produtos-hospitalares\/76661","title":{"rendered":"IPEM-SP reprova 17% dos produtos hospitalares"},"content":{"rendered":"<p>O IPEM-SP (Instituto de Pesos de Medidas do Estado de S\u00e3o Paulo)\u00a0reprovou 17% dos <em><strong>produtos hospitalares<\/strong><\/em> comercializados em S\u00e3o Paulo. Denominada Opera\u00e7\u00e3o &#8220;Al\u00f4 Doutor&#8221;, a an\u00e1lise fiscalizou 77 itens como len\u00e7\u00f3is descart\u00e1veis, algod\u00e3o, gaze, curativos, imobilizadores, luvas e fitas cir\u00fargicas, al\u00e9m de checar se o conte\u00fado de tais produtos eram compat\u00edveis com a informa\u00e7\u00e3o publicada na embalagem.<\/p>\n<p>As avalia\u00e7\u00f5es foram feitas nos laborat\u00f3rios do IPEM-SP nas cidades de Bauru, Campinas, Ribeir\u00e3o Preto, S\u00e3o Carlos, S\u00e3o Jos\u00e9 do Rio Preto e na capital paulista.<\/p>\n<p>Veja  o estudo completo.<\/p>\n<p>Uma marca de len\u00e7ol hospitalar obteve o maior n\u00famero de irregularidades e outro erro foi constatado em Ribeir\u00e3o Preto. Naquela cidade, das 20 compressas cir\u00fargicas de gaze, todas estavam com erros no comprimento.<\/p>\n<p>Representantes das empresas fiscalizadas foram previamente convidados a presenciar a an\u00e1lise. As empresas autuadas t\u00eam dez dias para apresentar defesa ao \u00f3rg\u00e3o.<\/p>\n<p>No caso de produtos pr\u00e9-medidos (embalados sem a presen\u00e7a do consumidor), as multas podem variar de R$ 640 a R$ 30 mil, dobrando em casos de reincid\u00eancia.<\/p>\n<p>Orienta\u00e7\u00e3o para o consumo<br \/>\nO IPEM-SP disponibiliza para download o Guia Pr\u00e1tico de Consumo, que traz dicas ao consumidor sobre o que observar na hora da compra de produtos embalados, t\u00eaxteis, eletrodom\u00e9sticos, itens que devem trazer o selo do Inmetro e tamb\u00e9m a utiliza\u00e7\u00e3o de balan\u00e7as dispon\u00edveis em supermercados, padarias, a\u00e7ougues e outros tipos de com\u00e9rcio.<\/p>\n<p>Clique\u00a0\u00a0para acessar o guia.<\/p>\n<p>Do Portal do Governo do Estado SP<\/p>\n","protected":false},"excerpt":{"rendered":"<p>O IPEM-SP (Instituto de Pesos de Medidas do Estado de S\u00e3o Paulo)\u00a0reprovou 17% dos produtos hospitalares comercializados em S\u00e3o Paulo. Denominada Opera\u00e7\u00e3o &#8220;Al\u00f4 Doutor&#8221;, a an\u00e1lise fiscalizou 77 itens como len\u00e7\u00f3is descart\u00e1veis, algod\u00e3o, gaze, curativos, imobilizadores, luvas e fitas cir\u00fargicas, al\u00e9m de checar se o conte\u00fado de tais produtos eram compat\u00edveis com a informa\u00e7\u00e3o publicada [&hellip;]<\/p>\n","protected":false},"author":2,"featured_media":57579,"comment_status":"open","ping_status":"closed","sticky":false,"template":"","format":"standard","meta":{"tdm_status":"","tdm_grid_status":"","footnotes":""},"categories":[22],"tags":[],"class_list":{"0":"post-76661","1":"post","2":"type-post","3":"status-publish","4":"format-standard","5":"has-post-thumbnail","7":"category-brasil"},"_links":{"self":[{"href":"https:\/\/migracao.redenoticia.com.br\/noticia\/wp-json\/wp\/v2\/posts\/76661","targetHints":{"allow":["GET"]}}],"collection":[{"href":"https:\/\/migracao.redenoticia.com.br\/noticia\/wp-json\/wp\/v2\/posts"}],"about":[{"href":"https:\/\/migracao.redenoticia.com.br\/noticia\/wp-json\/wp\/v2\/types\/post"}],"author":[{"embeddable":true,"href":"https:\/\/migracao.redenoticia.com.br\/noticia\/wp-json\/wp\/v2\/users\/2"}],"replies":[{"embeddable":true,"href":"https:\/\/migracao.redenoticia.com.br\/noticia\/wp-json\/wp\/v2\/comments?post=76661"}],"version-history":[{"count":0,"href":"https:\/\/migracao.redenoticia.com.br\/noticia\/wp-json\/wp\/v2\/posts\/76661\/revisions"}],"wp:featuredmedia":[{"embeddable":true,"href":"https:\/\/migracao.redenoticia.com.br\/noticia\/wp-json\/wp\/v2\/media\/57579"}],"wp:attachment":[{"href":"https:\/\/migracao.redenoticia.com.br\/noticia\/wp-json\/wp\/v2\/media?parent=76661"}],"wp:term":[{"taxonomy":"category","embeddable":true,"href":"https:\/\/migracao.redenoticia.com.br\/noticia\/wp-json\/wp\/v2\/categories?post=76661"},{"taxonomy":"post_tag","embeddable":true,"href":"https:\/\/migracao.redenoticia.com.br\/noticia\/wp-json\/wp\/v2\/tags?post=76661"}],"curies":[{"name":"wp","href":"https:\/\/api.w.org\/{rel}","templated":true}]}}