{"id":76781,"date":"2015-10-26T14:05:15","date_gmt":"2015-10-26T16:05:15","guid":{"rendered":"http:\/\/www.redenoticia.com.br\/noticia\/?p=76781"},"modified":"2015-10-26T14:05:15","modified_gmt":"2015-10-26T16:05:15","slug":"conselho-da-petrobras-aprova-venda-de-49-das-acoes-da-gaspetro","status":"publish","type":"post","link":"https:\/\/migracao.redenoticia.com.br\/noticia\/2015\/conselho-da-petrobras-aprova-venda-de-49-das-acoes-da-gaspetro\/76781","title":{"rendered":"Conselho da Petrobras aprova venda de 49% das a\u00e7\u00f5es da Gaspetro"},"content":{"rendered":"<p> O Conselho de Administra\u00e7\u00e3o da Petrobras aprovou a <em><strong>venda de 49% das a\u00e7\u00f5es da Petrobras G\u00e1s<\/strong><\/em> (Gaspetro) para a Mitsui G\u00e1s e Energia do Brasil. Segundo a estatal, o valor total da transa\u00e7\u00e3o \u00e9 R$ 1,9 bilh\u00e3o, que representa o montante no momento do fechamento da opera\u00e7\u00e3o, previsto para dezembro de 2015.<\/p>\n<p>A Mitsui G\u00e1s e Energia do Brasil Ltda. \u00e9 uma subsidi\u00e1ria integral da japonesa Mitsui &amp; Co. e j\u00e1 tem participa\u00e7\u00e3o societ\u00e1ria em oito companhias estaduais de distribui\u00e7\u00e3o de g\u00e1s natural no Brasil. Segundo a Petrobras, a opera\u00e7\u00e3o, realizada atrav\u00e9s de processo competitivo, faz parte do Programa de Desinvestimentos previsto no Plano de Neg\u00f3cios e Gest\u00e3o 2015-2019.<\/p>\n<p>A empresa esclarece, ainda, que a conclus\u00e3o da transa\u00e7\u00e3o est\u00e1 sujeita a \u201cdeterminadas condi\u00e7\u00f5es precedentes usuais, incluindo a aprova\u00e7\u00e3o pelos \u00f3rg\u00e3os competentes\u201d.<\/p>\n<p>Na mesma reuni\u00e3o, o Conselho de Administra\u00e7\u00e3o aprovou o adiamento por prazo indeterminado do processo de registro de companhia aberta e de registro da oferta p\u00fablica de a\u00e7\u00f5es da sua subsidi\u00e1ria integral Petrobras Distribuidora (BR). Esses processos haviam sido autorizados pelo Conselho de Administra\u00e7\u00e3o da companhia em reuni\u00e3o realizada em 6 de agosto de 2015. O conselho tamb\u00e9m autorizou a busca de parceiro estrat\u00e9gico para a BR, em concord\u00e2ncia com a decis\u00e3o da diretoria executiva divulgada ao mercado em 14 de outubro de 2015.<\/p>\n<p>Nielmar de Oliveira &#8211; Rep\u00f3rter da Ag\u00eancia Brasil<br \/>\nEdi\u00e7\u00e3o: L\u00edlian Beraldo<\/p>\n","protected":false},"excerpt":{"rendered":"<p>O Conselho de Administra\u00e7\u00e3o da Petrobras aprovou a venda de 49% das a\u00e7\u00f5es da Petrobras G\u00e1s (Gaspetro) para a Mitsui G\u00e1s e Energia do Brasil. Segundo a estatal, o valor total da transa\u00e7\u00e3o \u00e9 R$ 1,9 bilh\u00e3o, que representa o montante no momento do fechamento da opera\u00e7\u00e3o, previsto para dezembro de 2015. A Mitsui G\u00e1s [&hellip;]<\/p>\n","protected":false},"author":2,"featured_media":40734,"comment_status":"open","ping_status":"closed","sticky":false,"template":"","format":"standard","meta":{"tdm_status":"","tdm_grid_status":"","footnotes":""},"categories":[22,7],"tags":[],"class_list":{"0":"post-76781","1":"post","2":"type-post","3":"status-publish","4":"format-standard","5":"has-post-thumbnail","7":"category-brasil","8":"category-economia"},"_links":{"self":[{"href":"https:\/\/migracao.redenoticia.com.br\/noticia\/wp-json\/wp\/v2\/posts\/76781","targetHints":{"allow":["GET"]}}],"collection":[{"href":"https:\/\/migracao.redenoticia.com.br\/noticia\/wp-json\/wp\/v2\/posts"}],"about":[{"href":"https:\/\/migracao.redenoticia.com.br\/noticia\/wp-json\/wp\/v2\/types\/post"}],"author":[{"embeddable":true,"href":"https:\/\/migracao.redenoticia.com.br\/noticia\/wp-json\/wp\/v2\/users\/2"}],"replies":[{"embeddable":true,"href":"https:\/\/migracao.redenoticia.com.br\/noticia\/wp-json\/wp\/v2\/comments?post=76781"}],"version-history":[{"count":0,"href":"https:\/\/migracao.redenoticia.com.br\/noticia\/wp-json\/wp\/v2\/posts\/76781\/revisions"}],"wp:featuredmedia":[{"embeddable":true,"href":"https:\/\/migracao.redenoticia.com.br\/noticia\/wp-json\/wp\/v2\/media\/40734"}],"wp:attachment":[{"href":"https:\/\/migracao.redenoticia.com.br\/noticia\/wp-json\/wp\/v2\/media?parent=76781"}],"wp:term":[{"taxonomy":"category","embeddable":true,"href":"https:\/\/migracao.redenoticia.com.br\/noticia\/wp-json\/wp\/v2\/categories?post=76781"},{"taxonomy":"post_tag","embeddable":true,"href":"https:\/\/migracao.redenoticia.com.br\/noticia\/wp-json\/wp\/v2\/tags?post=76781"}],"curies":[{"name":"wp","href":"https:\/\/api.w.org\/{rel}","templated":true}]}}