{"id":76783,"date":"2015-10-26T14:06:22","date_gmt":"2015-10-26T16:06:22","guid":{"rendered":"http:\/\/www.redenoticia.com.br\/noticia\/?p=76783"},"modified":"2015-10-26T14:06:22","modified_gmt":"2015-10-26T16:06:22","slug":"indice-de-confianca-do-consumidor-cai-08-em-outubro","status":"publish","type":"post","link":"https:\/\/migracao.redenoticia.com.br\/noticia\/2015\/indice-de-confianca-do-consumidor-cai-08-em-outubro\/76783","title":{"rendered":"\u00cdndice de Confian\u00e7a do Consumidor cai 0,8% em outubro"},"content":{"rendered":"<p> O <em><strong>\u00cdndice de Confian\u00e7a do Consumidor<\/strong><\/em> (ICC), medido pela Funda\u00e7\u00e3o Getulio Vargas, caiu 0,8% em outubro deste ano, em compara\u00e7\u00e3o a setembro. Ao marcar 75,7 pontos, o indicador atingiu o menor n\u00edvel da s\u00e9rie hist\u00f3rica, iniciada em setembro de 2005, pelo quarto m\u00eas consecutivo.<\/p>\n<p>A queda foi provocada por menor confian\u00e7a dos consumidores no momento presente, j\u00e1 que o \u00cdndice da Situa\u00e7\u00e3o Atual do ICC caiu 2,1% em outubro, em rela\u00e7\u00e3o a setembro. O componente que marca o grau de satisfa\u00e7\u00e3o com a atual situa\u00e7\u00e3o econ\u00f4mica foi o que mais contribuiu para o recuo do ICC. Em outubro, apenas 2,7% dos consumidores avaliam a situa\u00e7\u00e3o econ\u00f4mica local como boa, enquanto 86,3% a consideram ruim.<\/p>\n<p>J\u00e1 o \u00cdndice de Expectativas, que avalia o otimismo do consumidor em rela\u00e7\u00e3o aos pr\u00f3ximos meses, manteve-se est\u00e1vel no menor n\u00edvel da s\u00e9rie (81,1 pontos). A parcela dos consumidores que pretendem comprar mais nos pr\u00f3ximos seis meses caiu de 9,3% para 8,9% enquanto dos que projetam compras menores passou de 46,5% para 45,3%.<\/p>\n<p>A maior queda da confian\u00e7a foi observada nos consumidores de renda mais alta (acima de R$ 9.600 por m\u00eas): -2,9%.<\/p>\n<p>Vitor Abdala \u2013 Rep\u00f3rter da Ag\u00eancia Brasil<br \/>\nEdi\u00e7\u00e3o: Jos\u00e9 Romildo<\/p>\n","protected":false},"excerpt":{"rendered":"<p>O \u00cdndice de Confian\u00e7a do Consumidor (ICC), medido pela Funda\u00e7\u00e3o Getulio Vargas, caiu 0,8% em outubro deste ano, em compara\u00e7\u00e3o a setembro. Ao marcar 75,7 pontos, o indicador atingiu o menor n\u00edvel da s\u00e9rie hist\u00f3rica, iniciada em setembro de 2005, pelo quarto m\u00eas consecutivo. A queda foi provocada por menor confian\u00e7a dos consumidores no momento [&hellip;]<\/p>\n","protected":false},"author":2,"featured_media":57585,"comment_status":"open","ping_status":"closed","sticky":false,"template":"","format":"standard","meta":{"tdm_status":"","tdm_grid_status":"","footnotes":""},"categories":[22,7],"tags":[],"class_list":{"0":"post-76783","1":"post","2":"type-post","3":"status-publish","4":"format-standard","5":"has-post-thumbnail","7":"category-brasil","8":"category-economia"},"_links":{"self":[{"href":"https:\/\/migracao.redenoticia.com.br\/noticia\/wp-json\/wp\/v2\/posts\/76783","targetHints":{"allow":["GET"]}}],"collection":[{"href":"https:\/\/migracao.redenoticia.com.br\/noticia\/wp-json\/wp\/v2\/posts"}],"about":[{"href":"https:\/\/migracao.redenoticia.com.br\/noticia\/wp-json\/wp\/v2\/types\/post"}],"author":[{"embeddable":true,"href":"https:\/\/migracao.redenoticia.com.br\/noticia\/wp-json\/wp\/v2\/users\/2"}],"replies":[{"embeddable":true,"href":"https:\/\/migracao.redenoticia.com.br\/noticia\/wp-json\/wp\/v2\/comments?post=76783"}],"version-history":[{"count":0,"href":"https:\/\/migracao.redenoticia.com.br\/noticia\/wp-json\/wp\/v2\/posts\/76783\/revisions"}],"wp:featuredmedia":[{"embeddable":true,"href":"https:\/\/migracao.redenoticia.com.br\/noticia\/wp-json\/wp\/v2\/media\/57585"}],"wp:attachment":[{"href":"https:\/\/migracao.redenoticia.com.br\/noticia\/wp-json\/wp\/v2\/media?parent=76783"}],"wp:term":[{"taxonomy":"category","embeddable":true,"href":"https:\/\/migracao.redenoticia.com.br\/noticia\/wp-json\/wp\/v2\/categories?post=76783"},{"taxonomy":"post_tag","embeddable":true,"href":"https:\/\/migracao.redenoticia.com.br\/noticia\/wp-json\/wp\/v2\/tags?post=76783"}],"curies":[{"name":"wp","href":"https:\/\/api.w.org\/{rel}","templated":true}]}}