{"id":76785,"date":"2015-10-26T14:07:46","date_gmt":"2015-10-26T16:07:46","guid":{"rendered":"http:\/\/www.redenoticia.com.br\/noticia\/?p=76785"},"modified":"2015-10-26T14:07:46","modified_gmt":"2015-10-26T16:07:46","slug":"instituicoes-financeiras-estimam-queda-da-atividade-economica-em-302","status":"publish","type":"post","link":"https:\/\/migracao.redenoticia.com.br\/noticia\/2015\/instituicoes-financeiras-estimam-queda-da-atividade-economica-em-302\/76785","title":{"rendered":"Institui\u00e7\u00f5es financeiras estimam queda da atividade econ\u00f4mica em 3,02%"},"content":{"rendered":"<p> A proje\u00e7\u00e3o de institui\u00e7\u00f5es financeiras para a <em><strong>queda do Produto Interno Bruto<\/strong> <\/em>(PIB), soma de todos os bens e servi\u00e7os produzidos no pa\u00eds, neste ano, passou de 3% para 3,02%, no 15\u00ba ajuste seguido. Para o pr\u00f3ximo ano, a estimativa de retra\u00e7\u00e3o passou de 1,22% para 1,43%, na terceira altera\u00e7\u00e3o consecutiva. Essas proje\u00e7\u00f5es fazem parte da pesquisa feita pelo Banco Central (BC), todas as semanas.<\/p>\n<p>A expectativa para a queda da produ\u00e7\u00e3o industrial segue em 7%, este ano. Para 2016, a proje\u00e7\u00e3o de retra\u00e7\u00e3o passou de 1% para 1,5%.<\/p>\n<p>A proje\u00e7\u00e3o para o d\u00f3lar ao final do ano permanece em R$ 4. Para o fim de 2016, a estimativa para a cota\u00e7\u00e3o do d\u00f3lar subiu de R$ 4,13 para R$ 4,20.<\/p>\n<p>A estimativa do mercado financeiro para o \u00cdndice Nacional de Pre\u00e7os ao Consumidor Amplo (IPCA) subiu pela sexta vez seguida, ao passar de 9,75% para 9,85%, este ano. Para 2016, a proje\u00e7\u00e3o est\u00e1 cada vez mais pr\u00f3xima do teto da meta de infla\u00e7\u00e3o, que \u00e9 6,5%. A estimativa para o pr\u00f3ximo ano subiu pela 12\u00aa vez consecutiva, ao passar de 6,12% para 6,22%. O centro da meta de infla\u00e7\u00e3o \u00e9 4,5%.<\/p>\n<p>Para tentar levar a infla\u00e7\u00e3o ao centro da meta em 2016, o Comit\u00ea de Pol\u00edtica Monet\u00e1ria (Copom) elevou a taxa b\u00e1sica de juros, a Selic, por sete vezes consecutivas. Nas duas \u00faltimas reuni\u00e3o, o Copom optou por manter a Selic em 14,25% ao ano.<\/p>\n<p>A taxa \u00e9 usada nas negocia\u00e7\u00f5es de t\u00edtulos p\u00fablicos no Sistema Especial de Liquida\u00e7\u00e3o e Cust\u00f3dia (Selic) e serve como refer\u00eancia para as demais taxas de juros da economia. Ao reajust\u00e1-la para cima, o BC cont\u00e9m o excesso de demanda que pressiona os pre\u00e7os, porque os juros mais altos encarecem o cr\u00e9dito e estimulam a poupan\u00e7a. Ao manter a Selic, o comit\u00ea indica que ajustes anteriores foram suficientes para produzir efeitos na economia.<\/p>\n<p>A pesquisa do BC tamb\u00e9m traz a proje\u00e7\u00e3o para a infla\u00e7\u00e3o medida pelo \u00cdndice Geral de Pre\u00e7os \u2013 Disponibilidade Interna (IGP-DI), que passou de 9,46% para 10,11%, este ano. Para o \u00cdndice Geral de Pre\u00e7os &#8211; Mercado (IGP-M), a estimativa subiu de 9,33% para 9,59%, em 2015. A estimativa para o \u00cdndice de Pre\u00e7os ao Consumidor da Funda\u00e7\u00e3o Instituto de Pesquisas Econ\u00f4micas (IPC-Fipe) segue em 9,86%, este ano.<\/p>\n<p>A proje\u00e7\u00e3o para a alta dos pre\u00e7os administrados passou de 16% para 16,11%, este ano, e de 6,35% para 6,60%, em 2016.<\/p>\n<p>Kelly Oliveira \u2013 Rep\u00f3rter da Ag\u00eancia Brasil<br \/>\nEdi\u00e7\u00e3o: Jos\u00e9 Romildo<\/p>\n","protected":false},"excerpt":{"rendered":"<p>A proje\u00e7\u00e3o de institui\u00e7\u00f5es financeiras para a queda do Produto Interno Bruto (PIB), soma de todos os bens e servi\u00e7os produzidos no pa\u00eds, neste ano, passou de 3% para 3,02%, no 15\u00ba ajuste seguido. Para o pr\u00f3ximo ano, a estimativa de retra\u00e7\u00e3o passou de 1,22% para 1,43%, na terceira altera\u00e7\u00e3o consecutiva. Essas proje\u00e7\u00f5es fazem parte [&hellip;]<\/p>\n","protected":false},"author":2,"featured_media":38938,"comment_status":"open","ping_status":"closed","sticky":false,"template":"","format":"standard","meta":{"tdm_status":"","tdm_grid_status":"","footnotes":""},"categories":[22,7],"tags":[],"class_list":{"0":"post-76785","1":"post","2":"type-post","3":"status-publish","4":"format-standard","5":"has-post-thumbnail","7":"category-brasil","8":"category-economia"},"_links":{"self":[{"href":"https:\/\/migracao.redenoticia.com.br\/noticia\/wp-json\/wp\/v2\/posts\/76785","targetHints":{"allow":["GET"]}}],"collection":[{"href":"https:\/\/migracao.redenoticia.com.br\/noticia\/wp-json\/wp\/v2\/posts"}],"about":[{"href":"https:\/\/migracao.redenoticia.com.br\/noticia\/wp-json\/wp\/v2\/types\/post"}],"author":[{"embeddable":true,"href":"https:\/\/migracao.redenoticia.com.br\/noticia\/wp-json\/wp\/v2\/users\/2"}],"replies":[{"embeddable":true,"href":"https:\/\/migracao.redenoticia.com.br\/noticia\/wp-json\/wp\/v2\/comments?post=76785"}],"version-history":[{"count":0,"href":"https:\/\/migracao.redenoticia.com.br\/noticia\/wp-json\/wp\/v2\/posts\/76785\/revisions"}],"wp:featuredmedia":[{"embeddable":true,"href":"https:\/\/migracao.redenoticia.com.br\/noticia\/wp-json\/wp\/v2\/media\/38938"}],"wp:attachment":[{"href":"https:\/\/migracao.redenoticia.com.br\/noticia\/wp-json\/wp\/v2\/media?parent=76785"}],"wp:term":[{"taxonomy":"category","embeddable":true,"href":"https:\/\/migracao.redenoticia.com.br\/noticia\/wp-json\/wp\/v2\/categories?post=76785"},{"taxonomy":"post_tag","embeddable":true,"href":"https:\/\/migracao.redenoticia.com.br\/noticia\/wp-json\/wp\/v2\/tags?post=76785"}],"curies":[{"name":"wp","href":"https:\/\/api.w.org\/{rel}","templated":true}]}}