{"id":76789,"date":"2015-10-26T14:12:24","date_gmt":"2015-10-26T16:12:24","guid":{"rendered":"http:\/\/www.redenoticia.com.br\/noticia\/?p=76789"},"modified":"2015-10-26T14:12:24","modified_gmt":"2015-10-26T16:12:24","slug":"endividamento-do-governo-aumenta-18-em-setembro","status":"publish","type":"post","link":"https:\/\/migracao.redenoticia.com.br\/noticia\/2015\/endividamento-do-governo-aumenta-18-em-setembro\/76789","title":{"rendered":"Endividamento do governo aumenta 1,8% em setembro"},"content":{"rendered":"<p>A <em><strong>D\u00edvida P\u00fablica<\/strong><\/em> Federal teve eleva\u00e7\u00e3o de 1,8% em setembro, em compara\u00e7\u00e3o a agosto: o montante do endividamento \u2013 no per\u00edodo &#8211; passou de R$ 2,686 trilh\u00f5es para R$ 2,734 trilh\u00f5es, informou o Tesouro Nacional.<\/p>\n<p>O endividamento do Tesouro pode ocorrer por meio da oferta de t\u00edtulos p\u00fablicos em leil\u00f5es, pela internet (Tesouro Direto) ou pela emiss\u00e3o direta.<\/p>\n<p>O aumento da d\u00edvida do Tesouro Nacional tamb\u00e9m pode ocorrer pela assinatura de contratos de empr\u00e9stimo. Neste caso, o Tesouro toma empr\u00e9stimo de uma institui\u00e7\u00e3o financeira ou de um banco de desenvolvimento para financiar o desenvolvimento de uma determinada regi\u00e3o.<\/p>\n<p>A D\u00edvida P\u00fablica Mobili\u00e1ria Federal interna (DPMFi) cresceu 1,44% em setembro, passando de R$ 2,551 trilh\u00f5es para R$ 2,588 trilh\u00f5es, motivada pela emiss\u00e3o l\u00edquida de t\u00edtulos, no valor de R$ 13,43 bilh\u00f5es, realizada pelo governo. Al\u00e9m disso, houve incorpora\u00e7\u00e3o de juros \u00e0 d\u00edvida, no valor de R$ 23,34 bilh\u00f5es.<\/p>\n<p>A D\u00edvida P\u00fablica Federal Externa (DPFe) registrou, em setembro, eleva\u00e7\u00e3o de 8,62% em compara\u00e7\u00e3o ao resultado do m\u00eas anterior, chegando a R$ 145,89 bilh\u00f5es, equivalente a US$ 36,72 bilh\u00f5es, dos quais R$ 132,58 bilh\u00f5es (US$ 33,37 bilh\u00f5es) referem-se \u00e0 d\u00edvida mobili\u00e1ria (t\u00edtulos) e R$ 13,31 bilh\u00f5es (US$ 3,35 bilh\u00f5es), \u00e0 d\u00edvida contratual.<\/p>\n<p>DPFe \u00e9 a d\u00edvida p\u00fablica federal existente no mercado internacional paga em outras moedas. De acordo com o Tesouro Nacional, \u201ca varia\u00e7\u00e3o [da DPFe] deveu-se principalmente \u00e0 desvaloriza\u00e7\u00e3o do real [de agosto para setembro] em compara\u00e7\u00e3o a outras moedas que comp\u00f5em o estoque da d\u00edvida externa brasileira&#8221;.<\/p>\n<p>De acordo com o Plano Anual de Financiamento (PAF), o governo estima que a D\u00edvida P\u00fablica Federal, em 2015, ficar\u00e1 no intervalo m\u00ednimo de R$ 2,65 trilh\u00f5es e m\u00e1ximo de R$ 2,8 trilh\u00f5es.<\/p>\n<p>Daniel Lima \u2013 Rep\u00f3rter da Ag\u00eancia Brasil<br \/>\nEdi\u00e7\u00e3o: Jos\u00e9 Romildo<\/p>\n","protected":false},"excerpt":{"rendered":"<p>A D\u00edvida P\u00fablica Federal teve eleva\u00e7\u00e3o de 1,8% em setembro, em compara\u00e7\u00e3o a agosto: o montante do endividamento \u2013 no per\u00edodo &#8211; passou de R$ 2,686 trilh\u00f5es para R$ 2,734 trilh\u00f5es, informou o Tesouro Nacional. O endividamento do Tesouro pode ocorrer por meio da oferta de t\u00edtulos p\u00fablicos em leil\u00f5es, pela internet (Tesouro Direto) ou [&hellip;]<\/p>\n","protected":false},"author":2,"featured_media":57582,"comment_status":"open","ping_status":"closed","sticky":false,"template":"","format":"standard","meta":{"tdm_status":"","tdm_grid_status":"","footnotes":""},"categories":[22,7],"tags":[],"class_list":{"0":"post-76789","1":"post","2":"type-post","3":"status-publish","4":"format-standard","5":"has-post-thumbnail","7":"category-brasil","8":"category-economia"},"_links":{"self":[{"href":"https:\/\/migracao.redenoticia.com.br\/noticia\/wp-json\/wp\/v2\/posts\/76789","targetHints":{"allow":["GET"]}}],"collection":[{"href":"https:\/\/migracao.redenoticia.com.br\/noticia\/wp-json\/wp\/v2\/posts"}],"about":[{"href":"https:\/\/migracao.redenoticia.com.br\/noticia\/wp-json\/wp\/v2\/types\/post"}],"author":[{"embeddable":true,"href":"https:\/\/migracao.redenoticia.com.br\/noticia\/wp-json\/wp\/v2\/users\/2"}],"replies":[{"embeddable":true,"href":"https:\/\/migracao.redenoticia.com.br\/noticia\/wp-json\/wp\/v2\/comments?post=76789"}],"version-history":[{"count":0,"href":"https:\/\/migracao.redenoticia.com.br\/noticia\/wp-json\/wp\/v2\/posts\/76789\/revisions"}],"wp:featuredmedia":[{"embeddable":true,"href":"https:\/\/migracao.redenoticia.com.br\/noticia\/wp-json\/wp\/v2\/media\/57582"}],"wp:attachment":[{"href":"https:\/\/migracao.redenoticia.com.br\/noticia\/wp-json\/wp\/v2\/media?parent=76789"}],"wp:term":[{"taxonomy":"category","embeddable":true,"href":"https:\/\/migracao.redenoticia.com.br\/noticia\/wp-json\/wp\/v2\/categories?post=76789"},{"taxonomy":"post_tag","embeddable":true,"href":"https:\/\/migracao.redenoticia.com.br\/noticia\/wp-json\/wp\/v2\/tags?post=76789"}],"curies":[{"name":"wp","href":"https:\/\/api.w.org\/{rel}","templated":true}]}}