{"id":76812,"date":"2015-10-27T15:05:34","date_gmt":"2015-10-27T17:05:34","guid":{"rendered":"http:\/\/www.redenoticia.com.br\/noticia\/?p=76812"},"modified":"2015-10-27T15:05:34","modified_gmt":"2015-10-27T17:05:34","slug":"estao-abertas-inscricoes-para-vestibular-de-medicina-2016-da-famema","status":"publish","type":"post","link":"https:\/\/migracao.redenoticia.com.br\/noticia\/2015\/estao-abertas-inscricoes-para-vestibular-de-medicina-2016-da-famema\/76812","title":{"rendered":"Est\u00e3o abertas inscri\u00e7\u00f5es para Vestibular de Medicina 2016 da Famema"},"content":{"rendered":"<p>O per\u00edodo de inscri\u00e7\u00f5es para o <em><strong>Vestibular 2016 da Faculdade de Medicina de Mar\u00edlia<\/strong><\/em> (Famema) come\u00e7ou na segunda-feira (26) e se estende at\u00e9 24 de novembro. A realiza\u00e7\u00e3o da prova est\u00e1 prevista para o dia 22 de dezembro.<\/p>\n<p>O vestibular ter\u00e1 uma \u00fanica fase, com duas provas. A primeira, composta de oito quest\u00f5es discursivas, abrange conte\u00fados de qu\u00edmica e f\u00edsica. J\u00e1 a segunda etapa ser\u00e1 composta por 40 quest\u00f5es objetivas e engloba L\u00edngua Portuguesa, Matem\u00e1tica, Geografia, Hist\u00f3ria, L\u00edngua Inglesa e F\u00edsica.<\/p>\n<p>Ao todo ser\u00e3o 120 vagas distribu\u00eddas em 80 vagas para o curso de Medicina com per\u00edodo integral e 40 para o curso de Enfermagem, tamb\u00e9m em per\u00edodo integral.<\/p>\n<p>As inscri\u00e7\u00f5es ser\u00e3o realizadas exclusivamente pelo site da Funda\u00e7\u00e3o para o Vestibular da Universidade Paulista (), com taxa de inscri\u00e7\u00e3o de R$150,00, sendo efetuada por meio de boleto banc\u00e1rio.<\/p>\n<p>Do Portal do Governo do Estado SP<br \/>\n&#8212;<\/p>\n<p>O candidato poder\u00e1 obter a confirma\u00e7\u00e3o sobre a efetiva\u00e7\u00e3o de sua inscri\u00e7\u00e3o no portal da Funda\u00e7\u00e3o<br \/>\n \u2013 no link \u201cstatus das inscri\u00e7\u00f5es\u201c, depois de 2 dias \u00fateis ap\u00f3s o pagamento<br \/>\ndo boleto banc\u00e1rio. Caso constate algum problema dever\u00e1 contatar o Disque Vunesp, em dias \u00fateis, das<br \/>\n08 \u00e0s 20 horas, pelo telefone (11) 3670-6300.<\/p>\n<p>Ser\u00e3o admitidos, para realiza\u00e7\u00e3o da prova, exclusivamente os candidatos com inscri\u00e7\u00f5es<br \/>\nintegralmente efetivadas.<\/p>\n<p>N\u00e3o haver\u00e1 remessa postal ou eletr\u00f4nica de quaisquer documentos comprobat\u00f3rios de efetiva\u00e7\u00e3o<br \/>\nde inscri\u00e7\u00f5es, hor\u00e1rios e locais de provas, sendo de integral responsabilidade dos candidatos a obten\u00e7\u00e3o<br \/>\ndestas informa\u00e7\u00f5es no site da Funda\u00e7\u00e3o Vunesp.<\/p>\n<p>Os candidatos dever\u00e3o consultar a data e a hora e o local e a sala de realiza\u00e7\u00e3o das provas no Portal<br \/>\nda Funda\u00e7\u00e3o\u00a0 \u2013 no link \u201cLocal de prova\u201c, a partir de 15.12.2015.<br \/>\nInforma\u00e7\u00f5es tamb\u00e9m poder\u00e3o ser obtidas pela Central de teleatendimento \u2013 DISQUE VUNESP (0xx11<br \/>\n3874-6300), das 8 \u00e0s 20 horas, de segunda a s\u00e1bado, exceto feriados.<\/p>\n<p>Os candidatos poder\u00e3o fazer as prova nas cidades Campinas, Mar\u00edlia, Ribeir\u00e3o Preto, S\u00e3o Jos\u00e9 do Rio<br \/>\nPreto, S\u00e3o Jos\u00e9 dos Campos e S\u00e3o Paulo, de acordo com a op\u00e7\u00e3o declarada na ficha de inscri\u00e7\u00e3o.<\/p>\n","protected":false},"excerpt":{"rendered":"<p>O per\u00edodo de inscri\u00e7\u00f5es para o Vestibular 2016 da Faculdade de Medicina de Mar\u00edlia (Famema) come\u00e7ou na segunda-feira (26) e se estende at\u00e9 24 de novembro. A realiza\u00e7\u00e3o da prova est\u00e1 prevista para o dia 22 de dezembro. O vestibular ter\u00e1 uma \u00fanica fase, com duas provas. A primeira, composta de oito quest\u00f5es discursivas, abrange [&hellip;]<\/p>\n","protected":false},"author":2,"featured_media":57579,"comment_status":"open","ping_status":"closed","sticky":false,"template":"","format":"standard","meta":{"tdm_status":"","tdm_grid_status":"","footnotes":""},"categories":[22,370,295],"tags":[],"class_list":{"0":"post-76812","1":"post","2":"type-post","3":"status-publish","4":"format-standard","5":"has-post-thumbnail","7":"category-brasil","8":"category-inscricao","9":"category-vestibular"},"_links":{"self":[{"href":"https:\/\/migracao.redenoticia.com.br\/noticia\/wp-json\/wp\/v2\/posts\/76812","targetHints":{"allow":["GET"]}}],"collection":[{"href":"https:\/\/migracao.redenoticia.com.br\/noticia\/wp-json\/wp\/v2\/posts"}],"about":[{"href":"https:\/\/migracao.redenoticia.com.br\/noticia\/wp-json\/wp\/v2\/types\/post"}],"author":[{"embeddable":true,"href":"https:\/\/migracao.redenoticia.com.br\/noticia\/wp-json\/wp\/v2\/users\/2"}],"replies":[{"embeddable":true,"href":"https:\/\/migracao.redenoticia.com.br\/noticia\/wp-json\/wp\/v2\/comments?post=76812"}],"version-history":[{"count":0,"href":"https:\/\/migracao.redenoticia.com.br\/noticia\/wp-json\/wp\/v2\/posts\/76812\/revisions"}],"wp:featuredmedia":[{"embeddable":true,"href":"https:\/\/migracao.redenoticia.com.br\/noticia\/wp-json\/wp\/v2\/media\/57579"}],"wp:attachment":[{"href":"https:\/\/migracao.redenoticia.com.br\/noticia\/wp-json\/wp\/v2\/media?parent=76812"}],"wp:term":[{"taxonomy":"category","embeddable":true,"href":"https:\/\/migracao.redenoticia.com.br\/noticia\/wp-json\/wp\/v2\/categories?post=76812"},{"taxonomy":"post_tag","embeddable":true,"href":"https:\/\/migracao.redenoticia.com.br\/noticia\/wp-json\/wp\/v2\/tags?post=76812"}],"curies":[{"name":"wp","href":"https:\/\/api.w.org\/{rel}","templated":true}]}}