{"id":76816,"date":"2015-10-27T15:12:50","date_gmt":"2015-10-27T17:12:50","guid":{"rendered":"http:\/\/www.redenoticia.com.br\/noticia\/?p=76816"},"modified":"2015-10-27T15:12:50","modified_gmt":"2015-10-27T17:12:50","slug":"maioria-dos-consumidores-vai-usar-decimo-terceiro-para-pagar-dividas-diz-anefac","status":"publish","type":"post","link":"https:\/\/migracao.redenoticia.com.br\/noticia\/2015\/maioria-dos-consumidores-vai-usar-decimo-terceiro-para-pagar-dividas-diz-anefac\/76816","title":{"rendered":"Maioria dos consumidores vai usar d\u00e9cimo terceiro para pagar d\u00edvidas, diz Anefac"},"content":{"rendered":"<p>O pagamento de d\u00edvidas ser\u00e1 a principal destina\u00e7\u00e3o do <strong><em>d\u00e9cimo terceiro<\/em><\/strong> sal\u00e1rio neste ano, segundo pesquisa da Associa\u00e7\u00e3o Nacional dos Executivos de Finan\u00e7as Administra\u00e7\u00e3o e Contabilidade (Anefac). Esta foi a resposta de 74% dos 1.037 brasileiros entrevistados.<\/p>\n<p>A quita\u00e7\u00e3o de d\u00e9bitos apareceu no topo da lista tamb\u00e9m nos dois anos anteriores, mas o percentual cresceu 8,2% na compara\u00e7\u00e3o com 2014, quando 68% indicaram a utiliza\u00e7\u00e3o para o dinheiro extra.<\/p>\n<p>A maior parte dessas d\u00edvidas (83%) est\u00e1 relacionada a cart\u00f5es de cr\u00e9dito (44%) e cheque especial (39%). Em seguida, aparecem os d\u00e9bitos com financiamento banc\u00e1rio (7%), regulariza\u00e7\u00e3o do nome (4%), presta\u00e7\u00f5es do com\u00e9rcio (4%) e d\u00edvidas diversas, como tarifas de servi\u00e7os p\u00fablicos (2%).<\/p>\n<p>Para a Anefac, os n\u00fameros indicam eleva\u00e7\u00e3o do endividamento dos consumidores por causa da redu\u00e7\u00e3o da atividade econ\u00f4mica, eleva\u00e7\u00e3o da taxa de juros e infla\u00e7\u00e3o mais alta.<\/p>\n<p>Empatadas em segundo lugar na lista de destina\u00e7\u00e3o do d\u00e9cimo terceiro, com 8% das respostas, est\u00e3o os que pretendem utilizar parte para compra de presentes e os que preferem poupar e aplicar parte do dinheiro para pagamento de despesas comuns no come\u00e7o do ano, como material e matr\u00edcula escolares, Imposto Predial e Territorial Urbano (IPTU) e Imposto Sobre a Propriedade de Ve\u00edculos Automotores Terrestres (IPVA). Houve redu\u00e7\u00e3o de 27,27% nesses itens em rela\u00e7\u00e3o a 2014.<\/p>\n<p>Entre os que far\u00e3o compras, roupas e celulares aparecem mais vezes como itens a serem adquiridos, com 75% e 73%, respectivamente. Eletroeletr\u00f4nicos e bens diversos, com 65% cada, tamb\u00e9m est\u00e3o entre os mais citados pelos entrevistados.<\/p>\n<p>Em rela\u00e7\u00e3o ao valor que os consumidores pretendem gastar, 42% disseram que ser\u00e1 entre R$ 200 e R$ 500. Em seguida, est\u00e3o os que informaram valores entre R$ 100 e R$ 200.<\/p>\n<p>Sobre as formas de pagamento, a maior parte indicou o uso de recursos pr\u00f3prios \u00e0 vista, como d\u00e9bito ou cheque (82%) e cart\u00e3o de cr\u00e9dito (80%). Na compara\u00e7\u00e3o com o ano anterior, houve um aumento de 2,5% em rela\u00e7\u00e3o aos que disseram pagar compras \u00e0 vista. O cheque pr\u00e9-datado ser\u00e1 uma op\u00e7\u00e3o para 60% dos consumidores.<\/p>\n<p>A Anefac orienta que o d\u00e9cimo terceiro seja usado preferencialmente para pagamento de d\u00edvidas, especialmente as que t\u00eam maiores encargos, como cart\u00e3o de cr\u00e9dito rotativo e cheque especial. Na m\u00e9dia, segundo a entidade, os juros atingem 13,59% ao m\u00eas (361,40% ao ano) e 10,24% ao m\u00eas (222,16% ao ano), respectivamente.<\/p>\n<p>Camila Maciel &#8211; Rep\u00f3rter da Ag\u00eancia Brasil<br \/>\nEdi\u00e7\u00e3o: Armando Cardoso<\/p>\n","protected":false},"excerpt":{"rendered":"<p>O pagamento de d\u00edvidas ser\u00e1 a principal destina\u00e7\u00e3o do d\u00e9cimo terceiro sal\u00e1rio neste ano, segundo pesquisa da Associa\u00e7\u00e3o Nacional dos Executivos de Finan\u00e7as Administra\u00e7\u00e3o e Contabilidade (Anefac). Esta foi a resposta de 74% dos 1.037 brasileiros entrevistados. A quita\u00e7\u00e3o de d\u00e9bitos apareceu no topo da lista tamb\u00e9m nos dois anos anteriores, mas o percentual cresceu [&hellip;]<\/p>\n","protected":false},"author":2,"featured_media":57584,"comment_status":"open","ping_status":"closed","sticky":false,"template":"","format":"standard","meta":{"tdm_status":"","tdm_grid_status":"","footnotes":""},"categories":[22,7],"tags":[],"class_list":{"0":"post-76816","1":"post","2":"type-post","3":"status-publish","4":"format-standard","5":"has-post-thumbnail","7":"category-brasil","8":"category-economia"},"_links":{"self":[{"href":"https:\/\/migracao.redenoticia.com.br\/noticia\/wp-json\/wp\/v2\/posts\/76816","targetHints":{"allow":["GET"]}}],"collection":[{"href":"https:\/\/migracao.redenoticia.com.br\/noticia\/wp-json\/wp\/v2\/posts"}],"about":[{"href":"https:\/\/migracao.redenoticia.com.br\/noticia\/wp-json\/wp\/v2\/types\/post"}],"author":[{"embeddable":true,"href":"https:\/\/migracao.redenoticia.com.br\/noticia\/wp-json\/wp\/v2\/users\/2"}],"replies":[{"embeddable":true,"href":"https:\/\/migracao.redenoticia.com.br\/noticia\/wp-json\/wp\/v2\/comments?post=76816"}],"version-history":[{"count":0,"href":"https:\/\/migracao.redenoticia.com.br\/noticia\/wp-json\/wp\/v2\/posts\/76816\/revisions"}],"wp:featuredmedia":[{"embeddable":true,"href":"https:\/\/migracao.redenoticia.com.br\/noticia\/wp-json\/wp\/v2\/media\/57584"}],"wp:attachment":[{"href":"https:\/\/migracao.redenoticia.com.br\/noticia\/wp-json\/wp\/v2\/media?parent=76816"}],"wp:term":[{"taxonomy":"category","embeddable":true,"href":"https:\/\/migracao.redenoticia.com.br\/noticia\/wp-json\/wp\/v2\/categories?post=76816"},{"taxonomy":"post_tag","embeddable":true,"href":"https:\/\/migracao.redenoticia.com.br\/noticia\/wp-json\/wp\/v2\/tags?post=76816"}],"curies":[{"name":"wp","href":"https:\/\/api.w.org\/{rel}","templated":true}]}}