{"id":76818,"date":"2015-10-27T15:16:18","date_gmt":"2015-10-27T17:16:18","guid":{"rendered":"http:\/\/www.redenoticia.com.br\/noticia\/?p=76818"},"modified":"2015-10-27T15:16:18","modified_gmt":"2015-10-27T17:16:18","slug":"custo-da-construcao-civil-alcanca-027-em-outubro-diz-fgv","status":"publish","type":"post","link":"https:\/\/migracao.redenoticia.com.br\/noticia\/2015\/custo-da-construcao-civil-alcanca-027-em-outubro-diz-fgv\/76818","title":{"rendered":"Custo da constru\u00e7\u00e3o civil alcan\u00e7a 0,27% em outubro, diz FGV"},"content":{"rendered":"<p> O <strong><em>\u00cdndice Nacional de Custo da Constru\u00e7\u00e3o<\/em><\/strong> variou 0,27% em outubro, percentual acima do m\u00eas anterior, que registrou 0,22%, de acordo com a Funda\u00e7\u00e3o Getulio Vargas (FGV). A categoria materiais, equipamentos e servi\u00e7os registrou varia\u00e7\u00e3o de 0,57%. No m\u00eas anterior, a taxa foi 0,46%. O \u00edndice referente \u00e0 m\u00e3o de obra n\u00e3o apresentou varia\u00e7\u00e3o, pelo segundo m\u00eas consecutivo.<\/p>\n<p>Apenas materiais e equipamentos apresentaram varia\u00e7\u00e3o de 0,62%. No m\u00eas anterior, a taxa foi 0,34%. Tr\u00eas dos quatro subgrupos dessa categoria apresentaram acr\u00e9scimo em suas taxas de varia\u00e7\u00e3o, destacando-se materiais para instala\u00e7\u00e3o, cuja taxa passou de 0,41% para 1,30%.<\/p>\n<p>A parcela relativa a servi\u00e7os passou de uma taxa de 0,92%, em setembro, para 0,37%, em outubro. Neste grupo, destaca-se a desacelera\u00e7\u00e3o do subgrupo projetos, cuja varia\u00e7\u00e3o passou de 2% para 0,43%.<\/p>\n<p>Entre as capitais brasileiras, quatro apresentaram acelera\u00e7\u00e3o em suas taxas de varia\u00e7\u00e3o: Bras\u00edlia (passou de zero para 0,69%), Recife (de -0,18% para 0,07%), Rio de Janeiro (de -0,02% para 0,28%) e Porto Alegre (de 0,21% para 0,3%). Registraram desacelera\u00e7\u00e3o Belo Horizonte (0,3% para 0,14%) e S\u00e3o Paulo (0,36% para 0,23%). Salvador manteve a mesma varia\u00e7\u00e3o do m\u00eas anterior, de 0,18%.<\/p>\n<p>Fernanda Cruz \u2013 Rep\u00f3rter da Ag\u00eancia Brasil<br \/>\nEdi\u00e7\u00e3o: Jos\u00e9 Romildo<\/p>\n","protected":false},"excerpt":{"rendered":"<p>O \u00cdndice Nacional de Custo da Constru\u00e7\u00e3o variou 0,27% em outubro, percentual acima do m\u00eas anterior, que registrou 0,22%, de acordo com a Funda\u00e7\u00e3o Getulio Vargas (FGV). A categoria materiais, equipamentos e servi\u00e7os registrou varia\u00e7\u00e3o de 0,57%. No m\u00eas anterior, a taxa foi 0,46%. O \u00edndice referente \u00e0 m\u00e3o de obra n\u00e3o apresentou varia\u00e7\u00e3o, pelo [&hellip;]<\/p>\n","protected":false},"author":2,"featured_media":57585,"comment_status":"open","ping_status":"closed","sticky":false,"template":"","format":"standard","meta":{"tdm_status":"","tdm_grid_status":"","footnotes":""},"categories":[22,7],"tags":[],"class_list":{"0":"post-76818","1":"post","2":"type-post","3":"status-publish","4":"format-standard","5":"has-post-thumbnail","7":"category-brasil","8":"category-economia"},"_links":{"self":[{"href":"https:\/\/migracao.redenoticia.com.br\/noticia\/wp-json\/wp\/v2\/posts\/76818","targetHints":{"allow":["GET"]}}],"collection":[{"href":"https:\/\/migracao.redenoticia.com.br\/noticia\/wp-json\/wp\/v2\/posts"}],"about":[{"href":"https:\/\/migracao.redenoticia.com.br\/noticia\/wp-json\/wp\/v2\/types\/post"}],"author":[{"embeddable":true,"href":"https:\/\/migracao.redenoticia.com.br\/noticia\/wp-json\/wp\/v2\/users\/2"}],"replies":[{"embeddable":true,"href":"https:\/\/migracao.redenoticia.com.br\/noticia\/wp-json\/wp\/v2\/comments?post=76818"}],"version-history":[{"count":0,"href":"https:\/\/migracao.redenoticia.com.br\/noticia\/wp-json\/wp\/v2\/posts\/76818\/revisions"}],"wp:featuredmedia":[{"embeddable":true,"href":"https:\/\/migracao.redenoticia.com.br\/noticia\/wp-json\/wp\/v2\/media\/57585"}],"wp:attachment":[{"href":"https:\/\/migracao.redenoticia.com.br\/noticia\/wp-json\/wp\/v2\/media?parent=76818"}],"wp:term":[{"taxonomy":"category","embeddable":true,"href":"https:\/\/migracao.redenoticia.com.br\/noticia\/wp-json\/wp\/v2\/categories?post=76818"},{"taxonomy":"post_tag","embeddable":true,"href":"https:\/\/migracao.redenoticia.com.br\/noticia\/wp-json\/wp\/v2\/tags?post=76818"}],"curies":[{"name":"wp","href":"https:\/\/api.w.org\/{rel}","templated":true}]}}