{"id":76820,"date":"2015-10-27T15:19:32","date_gmt":"2015-10-27T17:19:32","guid":{"rendered":"http:\/\/www.redenoticia.com.br\/noticia\/?p=76820"},"modified":"2015-10-27T15:19:32","modified_gmt":"2015-10-27T17:19:32","slug":"taxa-de-juros-para-pessoa-fisica-chega-a-623-em-setembro-mostra-bc","status":"publish","type":"post","link":"https:\/\/migracao.redenoticia.com.br\/noticia\/2015\/taxa-de-juros-para-pessoa-fisica-chega-a-623-em-setembro-mostra-bc\/76820","title":{"rendered":"Taxa de juros para pessoa f\u00edsica chega a 62,3% em setembro, mostra BC"},"content":{"rendered":"<p> As <strong><em>taxas de juros<\/em><\/strong> continuaram a subir, em setembro, de acordo com dados do Banco Central (BC). A taxa de juros cobradas das pessoas f\u00edsicas subiu 1,1 ponto percentual de agosto para setembro, quando ficou em 62,3% ao ano. As empresas pagaram 0,6 ponto percentual a mais, com taxa em 29,3% ao ano.<\/p>\n<p>A inadimpl\u00eancia das fam\u00edlias, considerados atrasos superiores a 90 dias, subiu 0,1 ponto percentual para 5,7%. J\u00e1 para as empresas, a inadimpl\u00eancia caiu 0,1 ponto percentual para 4,1%.<\/p>\n<p> As taxas de juros que mais subiram para as fam\u00edlias foram a do cart\u00e3o de cr\u00e9dito e do cheque especial, que chegaram a 414,3% ao ano e a 263,7% ao ano. A taxa do cheque especial subiu 10,5 pontos percentuais e a do rotativo do cart\u00e3o de cr\u00e9dito, 10,8 ponto percentual, de agosto para setembro.<\/p>\n<p>A taxa para a compra de ve\u00edculos subiu 0,8 ponto percentual para 25,6% ao ano. J\u00e1 a taxa do cr\u00e9dito consignado caiu 0,2 ponto percentual para 27,6% ao ano.<\/p>\n<p>Esses dados s\u00e3o do cr\u00e9dito livre, em que os bancos t\u00eam autonomia para aplicar o dinheiro captado no mercado e definir as taxas de juros.<\/p>\n<p>No caso do direcionado (empr\u00e9stimos com regras definidas pelo governo, destinados, basicamente, aos setores habitacional, rural e de infraestrutura) a taxa m\u00e9dia de juros caiu 0,1 ponto percentual para pessoas f\u00edsicas (9,8% ao ano) e 0,8 ponto percentual para as empresas (9,7% ao ano). A taxa de inadimpl\u00eancia do cr\u00e9dito direcionado ficou est\u00e1vel tanto para empresas (0,7%) quanto para pessoas f\u00edsicas (1,9%).<\/p>\n<p>O saldo total do cr\u00e9dito chegou a R$ 3,160 trilh\u00f5es, com alta de 0,8% no m\u00eas e de 9,1%, em 12 meses. O saldo do cr\u00e9dito livre chegou a R$ 1,608 trilh\u00e3o e o direcionado a R$ 1,551 trilh\u00e3o.<\/p>\n<p>Kelly Oliveira \u2013 Rep\u00f3rter da Ag\u00eancia Brasil<br \/>\nEdi\u00e7\u00e3o: Jos\u00e9 Romildo<\/p>\n","protected":false},"excerpt":{"rendered":"<p>As taxas de juros continuaram a subir, em setembro, de acordo com dados do Banco Central (BC). A taxa de juros cobradas das pessoas f\u00edsicas subiu 1,1 ponto percentual de agosto para setembro, quando ficou em 62,3% ao ano. As empresas pagaram 0,6 ponto percentual a mais, com taxa em 29,3% ao ano. A inadimpl\u00eancia [&hellip;]<\/p>\n","protected":false},"author":2,"featured_media":57582,"comment_status":"open","ping_status":"closed","sticky":false,"template":"","format":"standard","meta":{"tdm_status":"","tdm_grid_status":"","footnotes":""},"categories":[22,7],"tags":[],"class_list":{"0":"post-76820","1":"post","2":"type-post","3":"status-publish","4":"format-standard","5":"has-post-thumbnail","7":"category-brasil","8":"category-economia"},"_links":{"self":[{"href":"https:\/\/migracao.redenoticia.com.br\/noticia\/wp-json\/wp\/v2\/posts\/76820","targetHints":{"allow":["GET"]}}],"collection":[{"href":"https:\/\/migracao.redenoticia.com.br\/noticia\/wp-json\/wp\/v2\/posts"}],"about":[{"href":"https:\/\/migracao.redenoticia.com.br\/noticia\/wp-json\/wp\/v2\/types\/post"}],"author":[{"embeddable":true,"href":"https:\/\/migracao.redenoticia.com.br\/noticia\/wp-json\/wp\/v2\/users\/2"}],"replies":[{"embeddable":true,"href":"https:\/\/migracao.redenoticia.com.br\/noticia\/wp-json\/wp\/v2\/comments?post=76820"}],"version-history":[{"count":0,"href":"https:\/\/migracao.redenoticia.com.br\/noticia\/wp-json\/wp\/v2\/posts\/76820\/revisions"}],"wp:featuredmedia":[{"embeddable":true,"href":"https:\/\/migracao.redenoticia.com.br\/noticia\/wp-json\/wp\/v2\/media\/57582"}],"wp:attachment":[{"href":"https:\/\/migracao.redenoticia.com.br\/noticia\/wp-json\/wp\/v2\/media?parent=76820"}],"wp:term":[{"taxonomy":"category","embeddable":true,"href":"https:\/\/migracao.redenoticia.com.br\/noticia\/wp-json\/wp\/v2\/categories?post=76820"},{"taxonomy":"post_tag","embeddable":true,"href":"https:\/\/migracao.redenoticia.com.br\/noticia\/wp-json\/wp\/v2\/tags?post=76820"}],"curies":[{"name":"wp","href":"https:\/\/api.w.org\/{rel}","templated":true}]}}