{"id":76822,"date":"2015-10-27T15:22:05","date_gmt":"2015-10-27T17:22:05","guid":{"rendered":"http:\/\/www.redenoticia.com.br\/noticia\/?p=76822"},"modified":"2015-10-27T15:22:05","modified_gmt":"2015-10-27T17:22:05","slug":"embraer-fecha-terceiro-trimestre-do-ano-com-prejuizo-de-r-3877-milhoes","status":"publish","type":"post","link":"https:\/\/migracao.redenoticia.com.br\/noticia\/2015\/embraer-fecha-terceiro-trimestre-do-ano-com-prejuizo-de-r-3877-milhoes\/76822","title":{"rendered":"Embraer fecha terceiro trimestre do ano com preju\u00edzo de R$ 387,7 milh\u00f5es"},"content":{"rendered":"<p> A Empresa Brasileira de Aeron\u00e1utica (<strong><em>Embraer<\/em><\/strong>) encerrou o terceiro trimestre de 2015 com preju\u00edzo l\u00edquido de R$ 387,7 milh\u00f5es. No mesmo per\u00edodo do ano passado, o preju\u00edzo alcan\u00e7ou R$ 24,3 milh\u00f5es. O lucro l\u00edquido ajustado (excluindo o Imposto de Renda e contribui\u00e7\u00e3o social) chegou a R$ 255,1 milh\u00f5es, de acordo com dados divulgados pela empresa.<\/p>\n<p>De acordo com balan\u00e7o da Embraer, no terceiro trimestre de 2015 a empresa entregou 21 aeronaves comerciais e 30 executivas (21 jatos leves e nove grandes). No acumulado dos primeiros nove meses de 2015, foram entregues 68 aeronaves comerciais e 75 executivas (57 jatos leves e 18 grandes).<\/p>\n<p>Durante o terceiro trimestre, a companhia anunciou 20 pedidos firmes para a atual gera\u00e7\u00e3o de jatos comerciais E-Jets, totalizando 146 pedidos firmes ao longo do ano para ambas as gera\u00e7\u00f5es dos equipamentos. A carteira de pedidos firmes (backlog) encerrou o trimestre em US$ 22,8 bilh\u00f5es, ante US$ 22,9 bilh\u00f5es no trimestre anterior e US$ 20,9 bilh\u00f5es no fim de 2014.<\/p>\n<p>Segundo a Embraer, a rela\u00e7\u00e3o entre o n\u00famero de pedidos recebidos e o de aeronaves entregues (book-to-bill) do segmento de avia\u00e7\u00e3o comercial ficou acima de dois nos primeiros nove meses de 2015.<\/p>\n<p>Os dados indicaram ainda que a receita l\u00edquida atingiu R$ 4.577,3 milh\u00f5es no terceiro trimestre, o que representa um crescimento de 62% na compara\u00e7\u00e3o com o mesmo per\u00edodo do ano passado. No terceiro trimestre, a Embraer teve um uso livre de caixa de R$ 528,9 milh\u00f5es.<\/p>\n<p>Atualmente, a Embraer \u00e9 uma das maiores empresas aeroespaciais do mundo, com mais de 45 anos de exist\u00eancia, atuando nas etapas de projeto, desenvolvimento, fabrica\u00e7\u00e3o, venda e suporte p\u00f3s-venda de aeronaves para os segmentos de avia\u00e7\u00e3o comercial e executiva. Tamb\u00e9m trabalha para oferecer solu\u00e7\u00f5es integradas para defesa e seguran\u00e7a e sistemas.<\/p>\n<p>A empresa tem escrit\u00f3rios em v\u00e1rias partes do mundo e contabiliza mais de cinco mil aeronaves vendidas em todos os continentes, sendo l\u00edder no mercado de jatos comerciais com at\u00e9 130 assentos. \u00c9 a quinta maior fabricante de jatos executivos do mundo e a maior empresa de solu\u00e7\u00f5es de defesa e seguran\u00e7a no Brasil.<\/p>\n<p>Fl\u00e1via Albuquerque &#8211; Rep\u00f3rter da Ag\u00eancia Brasil<br \/>\nEdi\u00e7\u00e3o: Armando Cardoso<\/p>\n","protected":false},"excerpt":{"rendered":"<p>A Empresa Brasileira de Aeron\u00e1utica (Embraer) encerrou o terceiro trimestre de 2015 com preju\u00edzo l\u00edquido de R$ 387,7 milh\u00f5es. No mesmo per\u00edodo do ano passado, o preju\u00edzo alcan\u00e7ou R$ 24,3 milh\u00f5es. O lucro l\u00edquido ajustado (excluindo o Imposto de Renda e contribui\u00e7\u00e3o social) chegou a R$ 255,1 milh\u00f5es, de acordo com dados divulgados pela empresa. [&hellip;]<\/p>\n","protected":false},"author":2,"featured_media":57583,"comment_status":"open","ping_status":"closed","sticky":false,"template":"","format":"standard","meta":{"tdm_status":"","tdm_grid_status":"","footnotes":""},"categories":[22,7],"tags":[],"class_list":{"0":"post-76822","1":"post","2":"type-post","3":"status-publish","4":"format-standard","5":"has-post-thumbnail","7":"category-brasil","8":"category-economia"},"_links":{"self":[{"href":"https:\/\/migracao.redenoticia.com.br\/noticia\/wp-json\/wp\/v2\/posts\/76822","targetHints":{"allow":["GET"]}}],"collection":[{"href":"https:\/\/migracao.redenoticia.com.br\/noticia\/wp-json\/wp\/v2\/posts"}],"about":[{"href":"https:\/\/migracao.redenoticia.com.br\/noticia\/wp-json\/wp\/v2\/types\/post"}],"author":[{"embeddable":true,"href":"https:\/\/migracao.redenoticia.com.br\/noticia\/wp-json\/wp\/v2\/users\/2"}],"replies":[{"embeddable":true,"href":"https:\/\/migracao.redenoticia.com.br\/noticia\/wp-json\/wp\/v2\/comments?post=76822"}],"version-history":[{"count":0,"href":"https:\/\/migracao.redenoticia.com.br\/noticia\/wp-json\/wp\/v2\/posts\/76822\/revisions"}],"wp:featuredmedia":[{"embeddable":true,"href":"https:\/\/migracao.redenoticia.com.br\/noticia\/wp-json\/wp\/v2\/media\/57583"}],"wp:attachment":[{"href":"https:\/\/migracao.redenoticia.com.br\/noticia\/wp-json\/wp\/v2\/media?parent=76822"}],"wp:term":[{"taxonomy":"category","embeddable":true,"href":"https:\/\/migracao.redenoticia.com.br\/noticia\/wp-json\/wp\/v2\/categories?post=76822"},{"taxonomy":"post_tag","embeddable":true,"href":"https:\/\/migracao.redenoticia.com.br\/noticia\/wp-json\/wp\/v2\/tags?post=76822"}],"curies":[{"name":"wp","href":"https:\/\/api.w.org\/{rel}","templated":true}]}}