{"id":76824,"date":"2015-10-27T15:24:46","date_gmt":"2015-10-27T17:24:46","guid":{"rendered":"http:\/\/www.redenoticia.com.br\/noticia\/?p=76824"},"modified":"2015-10-27T15:24:46","modified_gmt":"2015-10-27T17:24:46","slug":"confianca-da-construcao-cai-39-em-outubro","status":"publish","type":"post","link":"https:\/\/migracao.redenoticia.com.br\/noticia\/2015\/confianca-da-construcao-cai-39-em-outubro\/76824","title":{"rendered":"Confian\u00e7a da constru\u00e7\u00e3o cai 3,9% em outubro"},"content":{"rendered":"<p> O <strong><em>\u00cdndice de Confian\u00e7a da Constru\u00e7\u00e3o<\/em><\/strong> (ICST) caiu 3,9% em outubro, em compara\u00e7\u00e3o a setembro, atingindo 63,4 pontos, o menor n\u00edvel da s\u00e9rie iniciada em julho de 2010, de acordo com o Instituto Brasileiro de Economia (Ibre) da Funda\u00e7\u00e3o Getulio Vargas (FGV). Para a realiza\u00e7\u00e3o da sondagem, a FGV entrevistou 723 empresas em todo o pa\u00eds.<\/p>\n<p>Segundo os dados, a percep\u00e7\u00e3o das empresas em rela\u00e7\u00e3o \u00e0 situa\u00e7\u00e3o atual exerceu a maior contribui\u00e7\u00e3o para a queda do \u00edndice de confian\u00e7a em outubro. O \u00cdndice da Situa\u00e7\u00e3o Atual (ISA-CST) caiu 7,9%, alcan\u00e7ando 45,3 pontos, o que representa o m\u00ednimo hist\u00f3rico. O \u00cdndice de Expectativas (IE-CST) registrou -1,5%: atingiu o m\u00ednimo hist\u00f3rico de 81,5 pontos.<\/p>\n<p>De acordo com a FGV\/Ibre, o recuo do ISA-CST \u00e9 resultado da queda de 8,5% no \u00edndice que avalia o grau de satisfa\u00e7\u00e3o das empresas com a situa\u00e7\u00e3o atual dos neg\u00f3cios. O item chegou ais 43,2 pontos. O indicador varia entre zero e 200 e nos \u00faltimos 12 meses caiu 50,5 pontos.<\/p>\n<p>No caso do IE-CST, o que mais contribuiu para queda foi o item que capta o grau de otimismo em rela\u00e7\u00e3o \u00e0 evolu\u00e7\u00e3o da demanda nos tr\u00eas meses seguintes, que recuou 1,7%, entre setembro e outubro, alcan\u00e7ando 76,6 pontos, menor n\u00edvel da s\u00e9rie.<\/p>\n<p>\u201cOs sucessivos recordes negativos dos indicadores de confian\u00e7a do Setor da Constru\u00e7\u00e3o v\u00eam sofrendo grande contribui\u00e7\u00e3o do enfraquecimento do n\u00edvel de atividade, que se acentuou nos \u00faltimos meses. N\u00e3o por acaso, a falta de demanda vem sendo apontada pelas empresas como o principal limitador \u00e0 melhoria do ambiente de neg\u00f3cios\u201d, disse Ana Maria Castelo, Coordenadora de Projetos da Constru\u00e7\u00e3o da FGV\/Ibre.<\/p>\n<p>As cita\u00e7\u00f5es sobre as dificuldades com acesso ao cr\u00e9dito banc\u00e1rio dobraram de um ano para o outro. J\u00e1 o item outros cresceu nos \u00faltimos 12 meses. Entre os itens classificados como outros, um dos destaques tem sido a crescente frequ\u00eancia de cita\u00e7\u00f5es \u00e0 incerteza no cen\u00e1rio macroecon\u00f4mico. A op\u00e7\u00e3o escassez de m\u00e3o de obra qualificada teve 30,6% das assinala\u00e7\u00f5es e n\u00e3o representa preocupa\u00e7\u00e3o.<\/p>\n<p>Fl\u00e1via Albuquerque \u2013 Rep\u00f3rter da Ag\u00eancia Brasil<br \/>\nEdi\u00e7\u00e3o: Jos\u00e9 Romildo<\/p>\n","protected":false},"excerpt":{"rendered":"<p>O \u00cdndice de Confian\u00e7a da Constru\u00e7\u00e3o (ICST) caiu 3,9% em outubro, em compara\u00e7\u00e3o a setembro, atingindo 63,4 pontos, o menor n\u00edvel da s\u00e9rie iniciada em julho de 2010, de acordo com o Instituto Brasileiro de Economia (Ibre) da Funda\u00e7\u00e3o Getulio Vargas (FGV). Para a realiza\u00e7\u00e3o da sondagem, a FGV entrevistou 723 empresas em todo o [&hellip;]<\/p>\n","protected":false},"author":2,"featured_media":38938,"comment_status":"open","ping_status":"closed","sticky":false,"template":"","format":"standard","meta":{"tdm_status":"","tdm_grid_status":"","footnotes":""},"categories":[22,7],"tags":[],"class_list":{"0":"post-76824","1":"post","2":"type-post","3":"status-publish","4":"format-standard","5":"has-post-thumbnail","7":"category-brasil","8":"category-economia"},"_links":{"self":[{"href":"https:\/\/migracao.redenoticia.com.br\/noticia\/wp-json\/wp\/v2\/posts\/76824","targetHints":{"allow":["GET"]}}],"collection":[{"href":"https:\/\/migracao.redenoticia.com.br\/noticia\/wp-json\/wp\/v2\/posts"}],"about":[{"href":"https:\/\/migracao.redenoticia.com.br\/noticia\/wp-json\/wp\/v2\/types\/post"}],"author":[{"embeddable":true,"href":"https:\/\/migracao.redenoticia.com.br\/noticia\/wp-json\/wp\/v2\/users\/2"}],"replies":[{"embeddable":true,"href":"https:\/\/migracao.redenoticia.com.br\/noticia\/wp-json\/wp\/v2\/comments?post=76824"}],"version-history":[{"count":0,"href":"https:\/\/migracao.redenoticia.com.br\/noticia\/wp-json\/wp\/v2\/posts\/76824\/revisions"}],"wp:featuredmedia":[{"embeddable":true,"href":"https:\/\/migracao.redenoticia.com.br\/noticia\/wp-json\/wp\/v2\/media\/38938"}],"wp:attachment":[{"href":"https:\/\/migracao.redenoticia.com.br\/noticia\/wp-json\/wp\/v2\/media?parent=76824"}],"wp:term":[{"taxonomy":"category","embeddable":true,"href":"https:\/\/migracao.redenoticia.com.br\/noticia\/wp-json\/wp\/v2\/categories?post=76824"},{"taxonomy":"post_tag","embeddable":true,"href":"https:\/\/migracao.redenoticia.com.br\/noticia\/wp-json\/wp\/v2\/tags?post=76824"}],"curies":[{"name":"wp","href":"https:\/\/api.w.org\/{rel}","templated":true}]}}