{"id":76848,"date":"2015-10-27T22:52:49","date_gmt":"2015-10-28T00:52:49","guid":{"rendered":"http:\/\/www.redenoticia.com.br\/noticia\/?p=76848"},"modified":"2015-10-27T22:52:49","modified_gmt":"2015-10-28T00:52:49","slug":"rede-record-lanca-cd-com-a-trilha-sonora-da-novela-os-dez-mandamentos","status":"publish","type":"post","link":"https:\/\/migracao.redenoticia.com.br\/noticia\/2015\/rede-record-lanca-cd-com-a-trilha-sonora-da-novela-os-dez-mandamentos\/76848","title":{"rendered":"Rede Record lan\u00e7a CD com a trilha sonora da novela \u201cOs Dez Mandamentos\u201d"},"content":{"rendered":"<p><img loading=\"lazy\" decoding=\"async\" src=\"https:\/\/migracao.redenoticia.com.br\/noticia\/imagens\/resumo_novela_os_dez_mandamentos_record-187x187.jpg\" alt=\"resumo_novela_os_dez_mandamentos_record\" width=\"187\" height=\"187\" class=\"alignleft size-medium wp-image-68037\" srcset=\"https:\/\/migracao.redenoticia.com.br\/noticia\/imagens\/resumo_novela_os_dez_mandamentos_record-187x187.jpg 187w, https:\/\/migracao.redenoticia.com.br\/noticia\/imagens\/resumo_novela_os_dez_mandamentos_record.jpg 300w, https:\/\/migracao.redenoticia.com.br\/noticia\/imagens\/resumo_novela_os_dez_mandamentos_record-150x150.jpg 150w, https:\/\/migracao.redenoticia.com.br\/noticia\/imagens\/resumo_novela_os_dez_mandamentos_record-110x110.jpg 110w, https:\/\/migracao.redenoticia.com.br\/noticia\/imagens\/resumo_novela_os_dez_mandamentos_record-50x50.jpg 50w\" sizes=\"auto, (max-width: 187px) 100vw, 187px\" \/>Consolidada como o grande sucesso da teledramaturgia brasileira no ano de 2015, a novela &#8220;<strong><em>Os Dez Mandamentos<\/em><\/strong>&#8220;, escrita por Vivian de Oliveira com dire\u00e7\u00e3o de Alexandre Avancini, da Rede Record, lan\u00e7a com Daniel Figueiredo, produtor musical da emissora, o CD oficial com as trilhas que embalam as cenas dos personagens no dia 29 de outubro, \u00e0s 20h, no Sheraton Barra Rio de Janeiro Hotel.<\/p>\n<p>O CD conta com 23 m\u00fasicas selecionadas das mais de 350 trilhas que Daniel criou para a novela, um recorde de m\u00fasicas criadas para uma s\u00f3 novela. Esta \u00e9 a d\u00e9cima novela que Daniel assina a produ\u00e7\u00e3o musical na Record e a oitava com o dire\u00e7\u00e3o de Alexandre Avancini.<\/p>\n<p>Autor de mais de 40 temas de abertura para TV, Daniel assinou a produ\u00e7\u00e3o musical de diversos produtos de teledramaturgia entre novelas e miniss\u00e9ries da TV Record. Produtor musical e empres\u00e1rio, Daniel j\u00e1 trabalhou em discos com grandes nomes como Beth Carvalho, Cidade Negra, Ivete Sangalo, Jerry Adriani, Gilberto Gil, Caetano Veloso, Maria Bethania e artistas internacionais como: Diem  Jones, David  Cohen, John Pollard, Roman  Miroshnichenko entre outros. Participou de discos vencedores do Latin Grammy, como &#8216;Fruto de amor&#8217; da cantora Aline Barros &#8216;Melhor \u00c1lbum de M\u00fasica Crist\u00e3&#8217; em 2004, e em 2012, &#8216;Nosso samba t\u00e1 na Rua&#8217; de Beth Carvalho, &#8216;Melhor \u00c1lbum de Samba\/Pagode&#8217;. <\/p>\n<p>Em 2013 participou em v\u00e1rias m\u00fasicas ?do disco &#8220;Surreal&#8221; de Roman Miroshnichenko, um dos maiores guitarristas Russos de todos os tempos, disco que foi indicado ao Grammy Latino e produziu ?os temas oficiais das cidades da Copa do Mundo de 2014. Recentemente recebeu o pr\u00eamio Profiss\u00e3o entretenimento como melhor Produtor musical de 2015.<\/p>\n<p> ASSESSORIA DE IMPRENSA<\/p>\n","protected":false},"excerpt":{"rendered":"<p>Consolidada como o grande sucesso da teledramaturgia brasileira no ano de 2015, a novela &#8220;Os Dez Mandamentos&#8220;, escrita por Vivian de Oliveira com dire\u00e7\u00e3o de Alexandre Avancini, da Rede Record, lan\u00e7a com Daniel Figueiredo, produtor musical da emissora, o CD oficial com as trilhas que embalam as cenas dos personagens no dia 29 de outubro, [&hellip;]<\/p>\n","protected":false},"author":2,"featured_media":68037,"comment_status":"open","ping_status":"closed","sticky":false,"template":"","format":"standard","meta":{"tdm_status":"","tdm_grid_status":"","footnotes":""},"categories":[379,424,371,343],"tags":[],"class_list":{"0":"post-76848","1":"post","2":"type-post","3":"status-publish","4":"format-standard","5":"has-post-thumbnail","7":"category-novelas","8":"category-os-dez-mandamentos","9":"category-rede-record","10":"category-televisao"},"_links":{"self":[{"href":"https:\/\/migracao.redenoticia.com.br\/noticia\/wp-json\/wp\/v2\/posts\/76848","targetHints":{"allow":["GET"]}}],"collection":[{"href":"https:\/\/migracao.redenoticia.com.br\/noticia\/wp-json\/wp\/v2\/posts"}],"about":[{"href":"https:\/\/migracao.redenoticia.com.br\/noticia\/wp-json\/wp\/v2\/types\/post"}],"author":[{"embeddable":true,"href":"https:\/\/migracao.redenoticia.com.br\/noticia\/wp-json\/wp\/v2\/users\/2"}],"replies":[{"embeddable":true,"href":"https:\/\/migracao.redenoticia.com.br\/noticia\/wp-json\/wp\/v2\/comments?post=76848"}],"version-history":[{"count":0,"href":"https:\/\/migracao.redenoticia.com.br\/noticia\/wp-json\/wp\/v2\/posts\/76848\/revisions"}],"wp:featuredmedia":[{"embeddable":true,"href":"https:\/\/migracao.redenoticia.com.br\/noticia\/wp-json\/wp\/v2\/media\/68037"}],"wp:attachment":[{"href":"https:\/\/migracao.redenoticia.com.br\/noticia\/wp-json\/wp\/v2\/media?parent=76848"}],"wp:term":[{"taxonomy":"category","embeddable":true,"href":"https:\/\/migracao.redenoticia.com.br\/noticia\/wp-json\/wp\/v2\/categories?post=76848"},{"taxonomy":"post_tag","embeddable":true,"href":"https:\/\/migracao.redenoticia.com.br\/noticia\/wp-json\/wp\/v2\/tags?post=76848"}],"curies":[{"name":"wp","href":"https:\/\/api.w.org\/{rel}","templated":true}]}}