{"id":76880,"date":"2015-10-28T19:06:34","date_gmt":"2015-10-28T21:06:34","guid":{"rendered":"http:\/\/www.redenoticia.com.br\/noticia\/?p=76880"},"modified":"2015-10-28T19:06:34","modified_gmt":"2015-10-28T21:06:34","slug":"ufscar-seleciona-professor-para-o-departamento-de-genetica-e-evolucao","status":"publish","type":"post","link":"https:\/\/migracao.redenoticia.com.br\/noticia\/2015\/ufscar-seleciona-professor-para-o-departamento-de-genetica-e-evolucao\/76880","title":{"rendered":"UFSCar seleciona professor para o Departamento de Gen\u00e9tica e Evolu\u00e7\u00e3o"},"content":{"rendered":"<p>Ag\u00eancia FAPESP \u2013 Est\u00e3o abertas, at\u00e9 o dia 6 de novembro, as inscri\u00e7\u00f5es para o <strong><em>concurso<\/em><\/strong> que selecionar\u00e1 um professor adjunto para o Departamento de Gen\u00e9tica e Evolu\u00e7\u00e3o da Universidade Federal de S\u00e3o Carlos (UFSCar). A vaga \u00e9 para a \u00e1rea de Bioinform\u00e1tica e Gen\u00e9tica, com sal\u00e1rio de R$ 8.639,50 e jornada de 40 horas semanais de trabalho, em regime de dedica\u00e7\u00e3o exclusiva.<\/p>\n<p>\u00c9 necess\u00e1rio ter t\u00edtulo de doutor em Ci\u00eancias e gradua\u00e7\u00e3o em Ci\u00eancias Biol\u00f3gicas, Biotecnologia, Qu\u00edmica, F\u00edsica, Ci\u00eancias da Computa\u00e7\u00e3o ou \u00e1reas correlatas \u00e0 \u00e1rea do concurso.<\/p>\n<p>O preenchimento da ficha de inscri\u00e7\u00e3o deve ser feito no site .<\/p>\n<p>Ap\u00f3s o pagamento da taxa de inscri\u00e7\u00e3o, no valor de R$ 216,00, os candidatos dever\u00e3o enviar o comprovante e a ficha de inscri\u00e7\u00e3o preenchida e assinada para o endere\u00e7o: Rodovia Washington Lu\u00eds, km 235, Caixa Postal 676, Bairro Monjolinho, 13565-905, S\u00e3o Carlos\/SP, aos cuidados do Departamento de Provimento e Movimenta\u00e7\u00e3o\/DiDP\/ProGPe.<\/p>\n<p>O envelope poder\u00e1 ser entregue pessoalmente, por interm\u00e9dio de um procurador regularmente constitu\u00eddo ou por via postal.<\/p>\n<p>O edital est\u00e1 dispon\u00edvel em .<\/p>\n<div id=\"content-area\"><\/div>\n","protected":false},"excerpt":{"rendered":"<p>Ag\u00eancia FAPESP \u2013 Est\u00e3o abertas, at\u00e9 o dia 6 de novembro, as inscri\u00e7\u00f5es para o concurso que selecionar\u00e1 um professor adjunto para o Departamento de Gen\u00e9tica e Evolu\u00e7\u00e3o da Universidade Federal de S\u00e3o Carlos (UFSCar). A vaga \u00e9 para a \u00e1rea de Bioinform\u00e1tica e Gen\u00e9tica, com sal\u00e1rio de R$ 8.639,50 e jornada de 40 horas [&hellip;]<\/p>\n","protected":false},"author":2,"featured_media":36246,"comment_status":"open","ping_status":"closed","sticky":false,"template":"","format":"standard","meta":{"tdm_status":"","tdm_grid_status":"","footnotes":""},"categories":[22,370,353],"tags":[],"class_list":{"0":"post-76880","1":"post","2":"type-post","3":"status-publish","4":"format-standard","5":"has-post-thumbnail","7":"category-brasil","8":"category-inscricao","9":"category-oportunidades"},"_links":{"self":[{"href":"https:\/\/migracao.redenoticia.com.br\/noticia\/wp-json\/wp\/v2\/posts\/76880","targetHints":{"allow":["GET"]}}],"collection":[{"href":"https:\/\/migracao.redenoticia.com.br\/noticia\/wp-json\/wp\/v2\/posts"}],"about":[{"href":"https:\/\/migracao.redenoticia.com.br\/noticia\/wp-json\/wp\/v2\/types\/post"}],"author":[{"embeddable":true,"href":"https:\/\/migracao.redenoticia.com.br\/noticia\/wp-json\/wp\/v2\/users\/2"}],"replies":[{"embeddable":true,"href":"https:\/\/migracao.redenoticia.com.br\/noticia\/wp-json\/wp\/v2\/comments?post=76880"}],"version-history":[{"count":0,"href":"https:\/\/migracao.redenoticia.com.br\/noticia\/wp-json\/wp\/v2\/posts\/76880\/revisions"}],"wp:featuredmedia":[{"embeddable":true,"href":"https:\/\/migracao.redenoticia.com.br\/noticia\/wp-json\/wp\/v2\/media\/36246"}],"wp:attachment":[{"href":"https:\/\/migracao.redenoticia.com.br\/noticia\/wp-json\/wp\/v2\/media?parent=76880"}],"wp:term":[{"taxonomy":"category","embeddable":true,"href":"https:\/\/migracao.redenoticia.com.br\/noticia\/wp-json\/wp\/v2\/categories?post=76880"},{"taxonomy":"post_tag","embeddable":true,"href":"https:\/\/migracao.redenoticia.com.br\/noticia\/wp-json\/wp\/v2\/tags?post=76880"}],"curies":[{"name":"wp","href":"https:\/\/api.w.org\/{rel}","templated":true}]}}