{"id":76887,"date":"2015-10-29T19:40:32","date_gmt":"2015-10-29T21:40:32","guid":{"rendered":"http:\/\/www.redenoticia.com.br\/noticia\/?p=76887"},"modified":"2015-10-29T19:40:54","modified_gmt":"2015-10-29T21:40:54","slug":"finados-veja-o-que-abre-e-fecha-nos-servicos-publicos-de-sp","status":"publish","type":"post","link":"https:\/\/migracao.redenoticia.com.br\/noticia\/2015\/finados-veja-o-que-abre-e-fecha-nos-servicos-publicos-de-sp\/76887","title":{"rendered":"Finados: veja o que abre e fecha nos servi\u00e7os p\u00fablicos\u00a0de SP"},"content":{"rendered":"<p> Devido ao feriado de Finados e tamb\u00e9m \u00e0 transfer\u00eancia do feriado do Dia do Funcion\u00e1rio P\u00fablico \u2013 de 28 de outubro para 30 de outubro (decreto estadual n\u00ba 61560\/2015), alguns servi\u00e7os p\u00fablicos estaduais estar\u00e3o fechados ou ter\u00e3o alterados seu funcionamento. Veja como fica o hor\u00e1rio dos \u00f3rg\u00e3os e programe-se:<\/p>\n<p>Detran.SP<br \/>\nAs unidades do Detran.SP em todo o Estado n\u00e3o far\u00e3o atendimento de sexta-feira (30) at\u00e9 segunda-feira (2). O expediente diferenciado tamb\u00e9m valer\u00e1 para o Disque Detran.SP e para as unidades do Departamento de Tr\u00e2nsito integradas aos postos Poupatempo. O atendimento nas unidades, assim como na central telef\u00f4nica, ser\u00e1 retomado na ter\u00e7a-feira (3).<br \/>\nMais informa\u00e7\u00f5es no .<\/p>\n<p>Poupatempo<br \/>\nOs postos do Poupatempo, bem como o teleatendimento, n\u00e3o funcionar\u00e3o entre sexta-feira (30) e segunda (2). A partir de ter\u00e7a-feira (3), todas as unidades voltam a atender em seus hor\u00e1rios habituais.<br \/>\nNo dia 4 de novembro, o Poupatempo S\u00e3o Carlos n\u00e3o ter\u00e1 expediente devido ao feriado em comemora\u00e7\u00e3o ao anivers\u00e1rio da cidade. Em Itapetininga, o posto n\u00e3o abre no dia 5 de novembro, quando o munic\u00edpio completa 245 anos.<br \/>\nMais informa\u00e7\u00f5es no  ou pelo Disque Poupatempo no 0800 772 36 33 (liga\u00e7\u00e3o gratuita).<\/p>\n<p>Procon-SP<br \/>\nN\u00e3o haver\u00e1 expediente do Procon estadual nas audi\u00eancias, no administrativo, na Ouvidoria, no atendimento eletr\u00f4nico e no atendimento telef\u00f4nico (151), entre sexta-feira (30) e segunda-feira (2).<\/p>\n<p>Nos postos de atendimento pessoal dentro dos Poupatempos S\u00e9, Santo Amaro e Itaquera e nos N\u00facleos Regionais do Procon-SP em Bauru, Campinas, Presidente Prudente, Ribeir\u00e3o Preto, Santos, S\u00e3o Jos\u00e9 do Rio Preto, S\u00e3o Jos\u00e9 dos Campos e Sorocaba tamb\u00e9m n\u00e3o haver\u00e1 expediente.<\/p>\n<p>O funcionamento dos Procons municipais segue o da administra\u00e7\u00e3o municipal.<br \/>\nAs informa\u00e7\u00f5es s\u00e3o do .<\/p>\n<p>Postos da Funda\u00e7\u00e3o Pr\u00f3-Sangue<br \/>\n30 de outubro, sexta-feira<br \/>\nPosto Cl\u00ednicas: das 8 \u00e0s 18 horas<br \/>\nPosto Barueri: fechado<br \/>\nPosto Dante: fechado<br \/>\nPosto Mandaqui: fechado<br \/>\nPosto Osasco: das 8 \u00e0s 16h30<br \/>\nPosto Pedreira: fechado<\/p>\n<p>31 de outubro, s\u00e1bado<br \/>\nPosto Cl\u00ednicas: das 8 \u00e0s 18 horas<br \/>\nPosto Barueri: fechado<br \/>\nPosto Dante: das 8 \u00e0s 16 horas<br \/>\nPosto Mandaqui: fechado<br \/>\nPosto Osasco: das 8 \u00e0s 16 horas<br \/>\nPosto Pedreira: fechado<\/p>\n<p>1\u00ba de novembro, domingo<br \/>\nPosto Cl\u00ednicas: das 8 \u00e0s 13 horas<br \/>\nPosto Barueri: fechado<br \/>\nPosto Dante: fechado<br \/>\nPosto Mandaqui: fechado<br \/>\nPosto Osasco: fechado<br \/>\nPosto Pedreira: fechado<\/p>\n<p>2 de novembro, segunda-feira &#8211; Feriado de Finados<br \/>\nPosto Cl\u00ednicas: das 8 \u00e0s 18 horas<br \/>\nPosto Barueri: fechado<br \/>\nPosto Dante: fechado<br \/>\nPosto Mandaqui: fechado<br \/>\nPosto Osasco: fechado<br \/>\nPosto Pedreira: fechado<br \/>\nMais informa\u00e7\u00f5es no .<\/p>\n<p>Do Portal do Governo do Estado SP<\/p>\n","protected":false},"excerpt":{"rendered":"<p>Devido ao feriado de Finados e tamb\u00e9m \u00e0 transfer\u00eancia do feriado do Dia do Funcion\u00e1rio P\u00fablico \u2013 de 28 de outubro para 30 de outubro (decreto estadual n\u00ba 61560\/2015), alguns servi\u00e7os p\u00fablicos estaduais estar\u00e3o fechados ou ter\u00e3o alterados seu funcionamento. Veja como fica o hor\u00e1rio dos \u00f3rg\u00e3os e programe-se: Detran.SP As unidades do Detran.SP em [&hellip;]<\/p>\n","protected":false},"author":2,"featured_media":26625,"comment_status":"open","ping_status":"closed","sticky":false,"template":"","format":"standard","meta":{"tdm_status":"","tdm_grid_status":"","footnotes":""},"categories":[22],"tags":[],"class_list":{"0":"post-76887","1":"post","2":"type-post","3":"status-publish","4":"format-standard","5":"has-post-thumbnail","7":"category-brasil"},"_links":{"self":[{"href":"https:\/\/migracao.redenoticia.com.br\/noticia\/wp-json\/wp\/v2\/posts\/76887","targetHints":{"allow":["GET"]}}],"collection":[{"href":"https:\/\/migracao.redenoticia.com.br\/noticia\/wp-json\/wp\/v2\/posts"}],"about":[{"href":"https:\/\/migracao.redenoticia.com.br\/noticia\/wp-json\/wp\/v2\/types\/post"}],"author":[{"embeddable":true,"href":"https:\/\/migracao.redenoticia.com.br\/noticia\/wp-json\/wp\/v2\/users\/2"}],"replies":[{"embeddable":true,"href":"https:\/\/migracao.redenoticia.com.br\/noticia\/wp-json\/wp\/v2\/comments?post=76887"}],"version-history":[{"count":0,"href":"https:\/\/migracao.redenoticia.com.br\/noticia\/wp-json\/wp\/v2\/posts\/76887\/revisions"}],"wp:featuredmedia":[{"embeddable":true,"href":"https:\/\/migracao.redenoticia.com.br\/noticia\/wp-json\/wp\/v2\/media\/26625"}],"wp:attachment":[{"href":"https:\/\/migracao.redenoticia.com.br\/noticia\/wp-json\/wp\/v2\/media?parent=76887"}],"wp:term":[{"taxonomy":"category","embeddable":true,"href":"https:\/\/migracao.redenoticia.com.br\/noticia\/wp-json\/wp\/v2\/categories?post=76887"},{"taxonomy":"post_tag","embeddable":true,"href":"https:\/\/migracao.redenoticia.com.br\/noticia\/wp-json\/wp\/v2\/tags?post=76887"}],"curies":[{"name":"wp","href":"https:\/\/api.w.org\/{rel}","templated":true}]}}