{"id":76889,"date":"2015-10-29T19:39:14","date_gmt":"2015-10-29T21:39:14","guid":{"rendered":"http:\/\/www.redenoticia.com.br\/noticia\/?p=76889"},"modified":"2015-10-29T19:39:52","modified_gmt":"2015-10-29T21:39:52","slug":"operacao-finados-ccr-spvias-espera-492-mil-veiculos-em-suas-rodovias","status":"publish","type":"post","link":"https:\/\/migracao.redenoticia.com.br\/noticia\/2015\/operacao-finados-ccr-spvias-espera-492-mil-veiculos-em-suas-rodovias\/76889","title":{"rendered":"Opera\u00e7\u00e3o Finados &#8211; CCR SPVias espera 492 mil ve\u00edculos em suas rodovias"},"content":{"rendered":"<p> A CCR SPVias estima que 492 mil ve\u00edculos trafeguem por suas rodovias no fim de semana prolongado devido ao feriado de <strong><em>Finados<\/em><\/strong>. A Concession\u00e1ria realizar\u00e1 um esquema especial de atendimento, que ter\u00e1 in\u00edcio \u00e0 0h de sexta feira, 30 de outubro, e seguir\u00e1 at\u00e9 \u00e0s 24h do dia 2 de novembro.<\/p>\n<p>A opera\u00e7\u00e3o especial prev\u00ea que nesse per\u00edodo a frota de ve\u00edculos da Concession\u00e1ria esteja em opera\u00e7\u00e3o para inspecionar o tr\u00e1fego e prestar socorro m\u00e9dico e mec\u00e2nico, que pode ser solicitado atrav\u00e9s do 0800-703-5030, gratuitamente, 24 horas por dia.<\/p>\n<p>O maior movimento esperado \u00e9 na Rodovia Castello Branco (SP-280), principal liga\u00e7\u00e3o para os munic\u00edpios de Quadra, Ces\u00e1rio Lange, Torre de Pedra, Porangaba, Bofete, Pardinho, Itatinga, Iaras e \u00c1guas de Santa B\u00e1rbara. A previs\u00e3o \u00e9 que 303 mil ve\u00edculos passem por este trecho.<\/p>\n<p>Nas rodovias Antonio Romano Schincariol e Francisco da Silva Pontes (SP 127), entre os munic\u00edpios de Tatu\u00ed e Cap\u00e3o Bonito, a expectativa \u00e9 de 59 mil ve\u00edculos.<\/p>\n<p>Na Rodovia Raposo Tavares (SP 270), nas proximidades de Itapetininga, Alambari, Sarapu\u00ed e Ara\u00e7oiaba da Serra, o movimento esperado \u00e9 de 57 mil ve\u00edculos.<\/p>\n<p>Na Rodovia Francisco Alves Negr\u00e3o (SP 258), que atravessa os munic\u00edpios de Cap\u00e3o Bonito, Taquariva\u00ed, Itapeva, Buri e Itarar\u00e9, o movimento esperado \u00e9 de 33 mil ve\u00edculos.<\/p>\n<p>Na Rodovia Jo\u00e3o Mell\u00e3o (SP-255), regi\u00e3o de Avar\u00e9, devem trafegar aproximadamente 40 mil ve\u00edculos.<\/p>\n<p>Hor\u00e1rios de movimento nas rodovias<br \/>\n 30\/10\/2015 (sexta-feira) &#8211; entre 14h e 24h | sentido interior;<br \/>\n 31\/10\/2015 (s\u00e1bado) &#8211; entre 6h e 14h | sentido interior;<br \/>\n 2\/11\/2015 (segunda-feira) \u2013 entre 12h e 24h | sentido capital.<\/p>\n<p>Distribui\u00e7\u00e3o de panfletos educativos<\/p>\n<p>A CCR SPVias distribuir\u00e1 em suas pra\u00e7as de ped\u00e1gio, durante a Opera\u00e7\u00e3o de Finados, o panfleto \u201cViagem Segura \u2013 Se beber, n\u00e3o dirija\u201d.<\/p>\n<p>O material educativo visa orientar os usu\u00e1rios a n\u00e3o combinarem o consumo de bebidas alc\u00f3olicas com dire\u00e7\u00e3o e ainda esclarece alguns mitos sobre o \u00e1lcool, como tomar caf\u00e9 para sarar a embriaguez.<\/p>\n<p>Obras<br \/>\nN\u00e3o haver\u00e1 obras com interdi\u00e7\u00e3o do tr\u00e1fego nesse per\u00edodo.<\/p>\n<p>Sobre a CCR SPVias: A CCR SPVias opera a maior malha rodovi\u00e1ria do Estado de S\u00e3o Paulo, com 516 quil\u00f4metros de rodovias que ligam os munic\u00edpios de Tatu\u00ed, Espirito Santo do Turvo, Ara\u00e7oiaba da Serra, Itapetininga, Avar\u00e9, Ita\u00ed, Cap\u00e3o Bonito e Itarar\u00e9. Fazem parte do sistema as rodovias Castello Branco (km 129 ao 315), Raposo Tavares (km 115 ao 168) Jo\u00e3o Mell\u00e3o (km 237 ao 288), Francisco Alves Negr\u00e3o (km 222 ao 342), Antonio Romano Schincariol e Francisco da Silva Pontes (km 105 ao 213).<\/p>\n","protected":false},"excerpt":{"rendered":"<p>A CCR SPVias estima que 492 mil ve\u00edculos trafeguem por suas rodovias no fim de semana prolongado devido ao feriado de Finados. A Concession\u00e1ria realizar\u00e1 um esquema especial de atendimento, que ter\u00e1 in\u00edcio \u00e0 0h de sexta feira, 30 de outubro, e seguir\u00e1 at\u00e9 \u00e0s 24h do dia 2 de novembro. A opera\u00e7\u00e3o especial prev\u00ea [&hellip;]<\/p>\n","protected":false},"author":2,"featured_media":35207,"comment_status":"open","ping_status":"closed","sticky":false,"template":"","format":"standard","meta":{"tdm_status":"","tdm_grid_status":"","footnotes":""},"categories":[22],"tags":[],"class_list":{"0":"post-76889","1":"post","2":"type-post","3":"status-publish","4":"format-standard","5":"has-post-thumbnail","7":"category-brasil"},"_links":{"self":[{"href":"https:\/\/migracao.redenoticia.com.br\/noticia\/wp-json\/wp\/v2\/posts\/76889","targetHints":{"allow":["GET"]}}],"collection":[{"href":"https:\/\/migracao.redenoticia.com.br\/noticia\/wp-json\/wp\/v2\/posts"}],"about":[{"href":"https:\/\/migracao.redenoticia.com.br\/noticia\/wp-json\/wp\/v2\/types\/post"}],"author":[{"embeddable":true,"href":"https:\/\/migracao.redenoticia.com.br\/noticia\/wp-json\/wp\/v2\/users\/2"}],"replies":[{"embeddable":true,"href":"https:\/\/migracao.redenoticia.com.br\/noticia\/wp-json\/wp\/v2\/comments?post=76889"}],"version-history":[{"count":0,"href":"https:\/\/migracao.redenoticia.com.br\/noticia\/wp-json\/wp\/v2\/posts\/76889\/revisions"}],"wp:featuredmedia":[{"embeddable":true,"href":"https:\/\/migracao.redenoticia.com.br\/noticia\/wp-json\/wp\/v2\/media\/35207"}],"wp:attachment":[{"href":"https:\/\/migracao.redenoticia.com.br\/noticia\/wp-json\/wp\/v2\/media?parent=76889"}],"wp:term":[{"taxonomy":"category","embeddable":true,"href":"https:\/\/migracao.redenoticia.com.br\/noticia\/wp-json\/wp\/v2\/categories?post=76889"},{"taxonomy":"post_tag","embeddable":true,"href":"https:\/\/migracao.redenoticia.com.br\/noticia\/wp-json\/wp\/v2\/tags?post=76889"}],"curies":[{"name":"wp","href":"https:\/\/api.w.org\/{rel}","templated":true}]}}