{"id":76893,"date":"2015-10-28T19:27:52","date_gmt":"2015-10-28T21:27:52","guid":{"rendered":"http:\/\/www.redenoticia.com.br\/noticia\/?p=76893"},"modified":"2015-10-28T19:27:52","modified_gmt":"2015-10-28T21:27:52","slug":"vendas-nos-supermercados-caem-096-de-janeiro-a-setembro","status":"publish","type":"post","link":"https:\/\/migracao.redenoticia.com.br\/noticia\/2015\/vendas-nos-supermercados-caem-096-de-janeiro-a-setembro\/76893","title":{"rendered":"Vendas nos supermercados caem 0,96% de janeiro a setembro"},"content":{"rendered":"<p> As <strong><em>vendas do setor supermercadista<\/em><\/strong> tiveram queda de 0,96% de janeiro a setembro, na compara\u00e7\u00e3o com o mesmo per\u00edodo do ano anterior, informou a Associa\u00e7\u00e3o Brasileira de Supermercados (Abras).<\/p>\n<p>A Abras informou tamb\u00e9m que a cesta com 35 produtos de largo consumo registrou em um m\u00eas alta de 0,84%, passando do valor m\u00e9dio de R$ 411,77, em agosto, para R$ 415,25, em setembro. Entre as maiores altas est\u00e3o itens como farinha de mandioca (28,81%) e sal (17,60%). J\u00e1 as maiores quedas foram registradas por cebola (-23,61%) e tomate (-16,92%).<\/p>\n<p>A maior alta de pre\u00e7os na cesta foi registrada na Regi\u00e3o Norte (3,60%) chegando a R$ 471,98. A Regi\u00e3o Nordeste foi a \u00fanica que apresentou queda (-2,52%), atingindo o valor de R$ 350,85.<\/p>\n<p>De acordo com o presidente do Conselho Consultivo da Abras, Sussumu Honda, o setor supermercadista trabalha com proje\u00e7\u00f5es negativas para o fechamento de 2015, mesmo com o movimento maior de com\u00e9rcio esperado no final do ano devido \u00e0s tradicionais festas de Natal e R\u00e9veillon.<\/p>\n<p> Fl\u00e1via Albuquerque \u2013 Rep\u00f3rter da Ag\u00eancia Brasil<br \/>\nEdi\u00e7\u00e3o: Jos\u00e9 Romildo<br \/>\n28\/10\/2015<\/p>\n","protected":false},"excerpt":{"rendered":"<p>As vendas do setor supermercadista tiveram queda de 0,96% de janeiro a setembro, na compara\u00e7\u00e3o com o mesmo per\u00edodo do ano anterior, informou a Associa\u00e7\u00e3o Brasileira de Supermercados (Abras). A Abras informou tamb\u00e9m que a cesta com 35 produtos de largo consumo registrou em um m\u00eas alta de 0,84%, passando do valor m\u00e9dio de R$ [&hellip;]<\/p>\n","protected":false},"author":2,"featured_media":34966,"comment_status":"open","ping_status":"closed","sticky":false,"template":"","format":"standard","meta":{"tdm_status":"","tdm_grid_status":"","footnotes":""},"categories":[22,7],"tags":[],"class_list":{"0":"post-76893","1":"post","2":"type-post","3":"status-publish","4":"format-standard","5":"has-post-thumbnail","7":"category-brasil","8":"category-economia"},"_links":{"self":[{"href":"https:\/\/migracao.redenoticia.com.br\/noticia\/wp-json\/wp\/v2\/posts\/76893","targetHints":{"allow":["GET"]}}],"collection":[{"href":"https:\/\/migracao.redenoticia.com.br\/noticia\/wp-json\/wp\/v2\/posts"}],"about":[{"href":"https:\/\/migracao.redenoticia.com.br\/noticia\/wp-json\/wp\/v2\/types\/post"}],"author":[{"embeddable":true,"href":"https:\/\/migracao.redenoticia.com.br\/noticia\/wp-json\/wp\/v2\/users\/2"}],"replies":[{"embeddable":true,"href":"https:\/\/migracao.redenoticia.com.br\/noticia\/wp-json\/wp\/v2\/comments?post=76893"}],"version-history":[{"count":0,"href":"https:\/\/migracao.redenoticia.com.br\/noticia\/wp-json\/wp\/v2\/posts\/76893\/revisions"}],"wp:featuredmedia":[{"embeddable":true,"href":"https:\/\/migracao.redenoticia.com.br\/noticia\/wp-json\/wp\/v2\/media\/34966"}],"wp:attachment":[{"href":"https:\/\/migracao.redenoticia.com.br\/noticia\/wp-json\/wp\/v2\/media?parent=76893"}],"wp:term":[{"taxonomy":"category","embeddable":true,"href":"https:\/\/migracao.redenoticia.com.br\/noticia\/wp-json\/wp\/v2\/categories?post=76893"},{"taxonomy":"post_tag","embeddable":true,"href":"https:\/\/migracao.redenoticia.com.br\/noticia\/wp-json\/wp\/v2\/tags?post=76893"}],"curies":[{"name":"wp","href":"https:\/\/api.w.org\/{rel}","templated":true}]}}