{"id":76895,"date":"2015-10-28T19:30:43","date_gmt":"2015-10-28T21:30:43","guid":{"rendered":"http:\/\/www.redenoticia.com.br\/noticia\/?p=76895"},"modified":"2015-10-28T19:30:43","modified_gmt":"2015-10-28T21:30:43","slug":"ipea-trabalhadores-escolarizados-sao-os-mais-afetados-por-piora-do-mercado","status":"publish","type":"post","link":"https:\/\/migracao.redenoticia.com.br\/noticia\/2015\/ipea-trabalhadores-escolarizados-sao-os-mais-afetados-por-piora-do-mercado\/76895","title":{"rendered":"Ipea: trabalhadores escolarizados s\u00e3o os mais afetados por piora do mercado"},"content":{"rendered":"<p> Os trabalhadores com maior escolaridade t\u00eam sido os mais atingidos pela <strong><em>piora no mercado de trabalho<\/em><\/strong> brasileiro, revelou o Instituto de Pesquisa Econ\u00f4mica e Aplicada (Ipea) no Boletim Mercado de Trabalho: Conjuntura Econ\u00f4mica e An\u00e1lise. Para quem tem ensino m\u00e9dio completo, a queda na taxa de ocupa\u00e7\u00e3o foi de 2% medida pela Pesquisa Nacional de Amostra por Domic\u00edlios (Pnad), do Instituto Brasileiro de Geografia e Estat\u00edstica (IBGE).<\/p>\n<p>Menos expressivo o recuo para o fundamental completo foi de 1,4%, e, para o fundamental incompleto, de 1,2%. Os homens tamb\u00e9m foram mais afetados do que as mulheres, com um recuo de 1,6% contra 0,5%.<\/p>\n<p>No recorte por faixa et\u00e1ria, os mais jovens foram os que apresentaram a maior piora nos indicadores. Em um recorte por faixa et\u00e1ria, a taxa de ocupa\u00e7\u00e3o caiu 3,5% para a popula\u00e7\u00e3o de 14 a 24 anos, e 0,4% para a de 25 a 59 anos. Para os idosos houve um aumento na taxa de ocupa\u00e7\u00e3o, de 1,4%.<\/p>\n<p>Ao contr\u00e1rio dos \u00faltimos tr\u00eas anos, o segundo trimestre de 2015 n\u00e3o conseguiu superar a popula\u00e7\u00e3o ocupada que o pa\u00eds tinha no \u00faltimo trimestre do ano anterior. Em geral, a popula\u00e7\u00e3o ocupada cai do quarto para o primeiro trimestre, mas sobe para a um patamar maior no segundo. No segundo trimestre de 2015, a popula\u00e7\u00e3o ocupada era de 92,211 milh\u00f5es, contra 92,875 milh\u00f5es no quarto trimestre de 2014, o maior n\u00famero registrado na s\u00e9rie hist\u00f3rica da Pnad.<\/p>\n<p>A pesquisa aponta que a piora dos n\u00fameros vem principalmente da redu\u00e7\u00e3o das admiss\u00f5es e n\u00e3o das demiss\u00f5es. Outro n\u00famero que teve a invers\u00e3o de sua tend\u00eancia de queda foi a taxa de informalidade, que subiu de 44,3% para 44,7% do primeiro para o segundo trimestre de 2015.<\/p>\n<p>O diretor da Diretoria de Estudos e Pol\u00edticas Sociais do Instituto de Pesquisa Econ\u00f4mica Aplicada (Ipea), Andr\u00e9 Calixte, avaliou a situa\u00e7\u00e3o como preocupante, porque o mercado de trabalho &#8220;tem sido um dos pilares da inclus\u00e3o social no pa\u00eds&#8221; e agora o cen\u00e1rio apresenta uma tend\u00eancia de revers\u00e3o. &#8220;Metade da redu\u00e7\u00e3o da desigualdade veio do mercado de trabalho&#8221;, disse, acrescentando que as pol\u00edticas sociais e os investimentos em infraestrutura foram os outros fatores que reduziram a desigualdade no Brasil.<\/p>\n<p>Calixte afirmou que o Brasil &#8220;est\u00e1 em uma corrida contra o tempo&#8221; para reverter as expectativas do mercado a tempo de garantir uma retomada da economia e &#8220;salvar o Natal&#8221;. A pesquisa aponta que uma conjuntura mais favor\u00e1vel depende de uma retomada das expectativas positivas &#8220;o mais r\u00e1pido poss\u00edvel&#8221;. &#8220;Essa corrida contra o tempo se torna cada vez mais dif\u00edcil conforme a gente demora a sair da crise&#8221;, disse Calixte, que explicou que o tempo de dura\u00e7\u00e3o do desemprego dificulta a volta do desempregado ao mercado de trabalho.<\/p>\n<p>Para o pesquisador, se a retomada n\u00e3o for anterior ao Natal, a situa\u00e7\u00e3o pode se agravar com as demiss\u00f5es dos tempor\u00e1rios contratados para atender \u00e0 demanda do fim do ano. Calixte considera que pol\u00edticas como o Programa de Prote\u00e7\u00e3o ao Emprego (PPE) podem ter um efeito j\u00e1 no curto prazo, evitando demiss\u00f5es.<\/p>\n<p>Outra iniciativa destacada como positiva foi o f\u00f3rum tripartite com representantes dos trabalhadores, empresas e governo, que deve elaborar propostas para o m\u00e9dio e longo prazo no pa\u00eds. &#8220;Os n\u00fameros mostram um mercado de trabalho pujante, que ainda \u00e9 estruturado e sofreu um abalo no primeiro semestre deste ano&#8221;.<\/p>\n<p>Vin\u00edcius Lisboa &#8211; rep\u00f3rter da Ag\u00eancia Brasil<br \/>\nEdi\u00e7\u00e3o: Maria Claudia <\/p>\n","protected":false},"excerpt":{"rendered":"<p>Os trabalhadores com maior escolaridade t\u00eam sido os mais atingidos pela piora no mercado de trabalho brasileiro, revelou o Instituto de Pesquisa Econ\u00f4mica e Aplicada (Ipea) no Boletim Mercado de Trabalho: Conjuntura Econ\u00f4mica e An\u00e1lise. Para quem tem ensino m\u00e9dio completo, a queda na taxa de ocupa\u00e7\u00e3o foi de 2% medida pela Pesquisa Nacional de [&hellip;]<\/p>\n","protected":false},"author":2,"featured_media":57585,"comment_status":"open","ping_status":"closed","sticky":false,"template":"","format":"standard","meta":{"tdm_status":"","tdm_grid_status":"","footnotes":""},"categories":[22,7],"tags":[],"class_list":{"0":"post-76895","1":"post","2":"type-post","3":"status-publish","4":"format-standard","5":"has-post-thumbnail","7":"category-brasil","8":"category-economia"},"_links":{"self":[{"href":"https:\/\/migracao.redenoticia.com.br\/noticia\/wp-json\/wp\/v2\/posts\/76895","targetHints":{"allow":["GET"]}}],"collection":[{"href":"https:\/\/migracao.redenoticia.com.br\/noticia\/wp-json\/wp\/v2\/posts"}],"about":[{"href":"https:\/\/migracao.redenoticia.com.br\/noticia\/wp-json\/wp\/v2\/types\/post"}],"author":[{"embeddable":true,"href":"https:\/\/migracao.redenoticia.com.br\/noticia\/wp-json\/wp\/v2\/users\/2"}],"replies":[{"embeddable":true,"href":"https:\/\/migracao.redenoticia.com.br\/noticia\/wp-json\/wp\/v2\/comments?post=76895"}],"version-history":[{"count":0,"href":"https:\/\/migracao.redenoticia.com.br\/noticia\/wp-json\/wp\/v2\/posts\/76895\/revisions"}],"wp:featuredmedia":[{"embeddable":true,"href":"https:\/\/migracao.redenoticia.com.br\/noticia\/wp-json\/wp\/v2\/media\/57585"}],"wp:attachment":[{"href":"https:\/\/migracao.redenoticia.com.br\/noticia\/wp-json\/wp\/v2\/media?parent=76895"}],"wp:term":[{"taxonomy":"category","embeddable":true,"href":"https:\/\/migracao.redenoticia.com.br\/noticia\/wp-json\/wp\/v2\/categories?post=76895"},{"taxonomy":"post_tag","embeddable":true,"href":"https:\/\/migracao.redenoticia.com.br\/noticia\/wp-json\/wp\/v2\/tags?post=76895"}],"curies":[{"name":"wp","href":"https:\/\/api.w.org\/{rel}","templated":true}]}}