{"id":76936,"date":"2015-10-29T19:55:23","date_gmt":"2015-10-29T21:55:23","guid":{"rendered":"http:\/\/www.redenoticia.com.br\/noticia\/?p=76936"},"modified":"2015-10-29T19:57:39","modified_gmt":"2015-10-29T21:57:39","slug":"em-12-meses-inflacao-do-aluguel-registra-alta-de-1009","status":"publish","type":"post","link":"https:\/\/migracao.redenoticia.com.br\/noticia\/2015\/em-12-meses-inflacao-do-aluguel-registra-alta-de-1009\/76936","title":{"rendered":"Em 12 meses, infla\u00e7\u00e3o do aluguel registra alta de 10,09%"},"content":{"rendered":"<p> O \u00cdndice Geral de Pre\u00e7os \u2013 Mercado (<strong><em>IGP-M<\/em><\/strong>) alcan\u00e7ou 1,89% em outubro, alta de 0,94 ponto percentual em rela\u00e7\u00e3o a setembro, de acordo com a Funda\u00e7\u00e3o Getulio Vargas. Em outubro de 2014, a varia\u00e7\u00e3o foi 0,28%. Em 12 meses, o IGP-M registrou alta de 10,09%. O IGP-M \u00e9 o \u00edndice utilizado para balizar os aumentos da energia el\u00e9trica e dos contratos de alugu\u00e9is.<\/p>\n<p>No acumulado deste ano at\u00e9 outubro, a varia\u00e7\u00e3o foi 8,35%. Ainda, segundo o levantamento, o \u00cdndice de Pre\u00e7os ao Produtor Amplo apresentou taxa de varia\u00e7\u00e3o de 2,63% em outubro. No m\u00eas anterior, a taxa alcan\u00e7ou 1,30%. Contribuiu para este avan\u00e7o o subgrupo alimentos processados, cuja taxa de varia\u00e7\u00e3o passou de 1,39% para 2,71%.<\/p>\n<p>O \u00edndice que verifica o grupo bens intermedi\u00e1rios variou 2,07%, alta em rela\u00e7\u00e3o a setembro, quando a taxa foi 1,36%. O subgrupo materiais e componentes para a manufatura destacou-se, com a taxa de varia\u00e7\u00e3o passando de 1,78% para 2,97%. O \u00edndice de bens intermedi\u00e1rios variou 2,24%, ante 1,62% em setembro.<\/p>\n<p>O grupo mat\u00e9rias-primas brutas variou 4,47%, em outubro. Em setembro, o \u00edndice registrou taxa de 2,26%. Os itens que mais contribu\u00edram para o movimento foram milho em gr\u00e3o (4,61% para 12,92%), min\u00e9rio de ferro (0,84% para 4,53%) e soja em gr\u00e3o (5,84% para 7,11%). Em sentido oposto, destacam-se: mandioca (6,44% para -1,49%), leite in natura (-0,26% para -1,90%) e pedra britada (0,22% para 0,19%).<\/p>\n<p>O \u00cdndice de Pre\u00e7os ao Consumidor variou 0,64% em outubro, ante 0,32% em setembro. Cinco das oito classes de despesa componentes do \u00edndice registraram acr\u00e9scimo em suas taxas de varia\u00e7\u00e3o. A principal contribui\u00e7\u00e3o partiu do grupo transportes (0,20% para 1,43%). Nesta classe de despesa, a taxa do item tarifa de \u00f4nibus urbano passou de 0,11% para 2,47%.<\/p>\n<p>O \u00cdndice Nacional de Custo da Constru\u00e7\u00e3o registrou, em outubro, varia\u00e7\u00e3o de 0,27%, leve diferen\u00e7a em rela\u00e7\u00e3o a setembro, quando foi registrado 0,22%. Materiais, equipamentos e servi\u00e7os apresentaram taxa de 0,57%. No m\u00eas anterior, a varia\u00e7\u00e3o foi 0,46%. O \u00edndice que representa o custo da m\u00e3o de obra n\u00e3o registrou varia\u00e7\u00e3o pelo segundo m\u00eas consecutivo.<\/p>\n<p>Fernanda Cruz &#8211; Rep\u00f3rter da Ag\u00eancia Brasil<br \/>\nEdi\u00e7\u00e3o: Jos\u00e9 Romildo<br \/>\n29\/10\/2015<\/p>\n","protected":false},"excerpt":{"rendered":"<p>O \u00cdndice Geral de Pre\u00e7os \u2013 Mercado (IGP-M) alcan\u00e7ou 1,89% em outubro, alta de 0,94 ponto percentual em rela\u00e7\u00e3o a setembro, de acordo com a Funda\u00e7\u00e3o Getulio Vargas. Em outubro de 2014, a varia\u00e7\u00e3o foi 0,28%. Em 12 meses, o IGP-M registrou alta de 10,09%. O IGP-M \u00e9 o \u00edndice utilizado para balizar os aumentos [&hellip;]<\/p>\n","protected":false},"author":2,"featured_media":57584,"comment_status":"open","ping_status":"closed","sticky":false,"template":"","format":"standard","meta":{"tdm_status":"","tdm_grid_status":"","footnotes":""},"categories":[22,7],"tags":[],"class_list":{"0":"post-76936","1":"post","2":"type-post","3":"status-publish","4":"format-standard","5":"has-post-thumbnail","7":"category-brasil","8":"category-economia"},"_links":{"self":[{"href":"https:\/\/migracao.redenoticia.com.br\/noticia\/wp-json\/wp\/v2\/posts\/76936","targetHints":{"allow":["GET"]}}],"collection":[{"href":"https:\/\/migracao.redenoticia.com.br\/noticia\/wp-json\/wp\/v2\/posts"}],"about":[{"href":"https:\/\/migracao.redenoticia.com.br\/noticia\/wp-json\/wp\/v2\/types\/post"}],"author":[{"embeddable":true,"href":"https:\/\/migracao.redenoticia.com.br\/noticia\/wp-json\/wp\/v2\/users\/2"}],"replies":[{"embeddable":true,"href":"https:\/\/migracao.redenoticia.com.br\/noticia\/wp-json\/wp\/v2\/comments?post=76936"}],"version-history":[{"count":0,"href":"https:\/\/migracao.redenoticia.com.br\/noticia\/wp-json\/wp\/v2\/posts\/76936\/revisions"}],"wp:featuredmedia":[{"embeddable":true,"href":"https:\/\/migracao.redenoticia.com.br\/noticia\/wp-json\/wp\/v2\/media\/57584"}],"wp:attachment":[{"href":"https:\/\/migracao.redenoticia.com.br\/noticia\/wp-json\/wp\/v2\/media?parent=76936"}],"wp:term":[{"taxonomy":"category","embeddable":true,"href":"https:\/\/migracao.redenoticia.com.br\/noticia\/wp-json\/wp\/v2\/categories?post=76936"},{"taxonomy":"post_tag","embeddable":true,"href":"https:\/\/migracao.redenoticia.com.br\/noticia\/wp-json\/wp\/v2\/tags?post=76936"}],"curies":[{"name":"wp","href":"https:\/\/api.w.org\/{rel}","templated":true}]}}