{"id":76938,"date":"2015-10-29T19:56:48","date_gmt":"2015-10-29T21:56:48","guid":{"rendered":"http:\/\/www.redenoticia.com.br\/noticia\/?p=76938"},"modified":"2015-10-29T19:56:48","modified_gmt":"2015-10-29T21:56:48","slug":"deficit-fiscal-do-governo-atinge-r-209-bilhoes-de-janeiro-a-setembro","status":"publish","type":"post","link":"https:\/\/migracao.redenoticia.com.br\/noticia\/2015\/deficit-fiscal-do-governo-atinge-r-209-bilhoes-de-janeiro-a-setembro\/76938","title":{"rendered":"D\u00e9ficit fiscal do governo atinge R$ 20,9 bilh\u00f5es de janeiro a setembro"},"content":{"rendered":"<p> O <strong><em>d\u00e9ficit fiscal<\/em><\/strong> do Governo Central de janeiro a setembro deste ano atingiu R$ 20,938 bilh\u00f5es, o pior da s\u00e9rie hist\u00f3rica que come\u00e7ou em 1997, informou a Secretaria do Tesouro Nacional. O d\u00e9ficit \u00e9 24,6% superior ao do mesmo per\u00edodo do ano passado j\u00e1 corrigido pela infla\u00e7\u00e3o. O governo central engloba o Tesouro Nacional, a Previd\u00eancia Social e o Banco Central. No ano passado, o resultado ficou negativo em R$ 15,716 bilh\u00f5es.<\/p>\n<p>Em setembro deste ano, o governo registrou d\u00e9ficit prim\u00e1rio de R$ 6,932 bilh\u00f5es, resultado 69% inferior ao do mesmo m\u00eas do ano passado, quando registrou R$ 20,409 bilh\u00f5es. O super\u00e1vit prim\u00e1rio \u00e9 a economia de recursos para pagar os juros da d\u00edvida p\u00fablica.<\/p>\n<p>A redu\u00e7\u00e3o, no acumulado do ano, do resultado prim\u00e1rio do governo central \u00e9 explicada pelos t\u00e9cnicos do governo, entre outros fatores, pela redu\u00e7\u00e3o da receita l\u00edquida, de 4,6% em termos reais. A receita l\u00edquida corresponde ao total da receita prim\u00e1ria ap\u00f3s a dedu\u00e7\u00e3o das transfer\u00eancias aos estados, por exemplo.<\/p>\n<p>De janeiro a setembro, as receitas totais do governo central ca\u00edram R$ 47,3 bilh\u00f5es (-4,7%) em compara\u00e7\u00e3o ao mesmo per\u00edodo do ano passado. As despesas por\u00e9m decresceram R$ 33,7 bilh\u00f5es (-4%) em rela\u00e7\u00e3o ao acumulado at\u00e9 setembro de 2014. Esse decr\u00e9scimo ocorreu principalmente no \u00e2mbito das despesas do Tesouro Nacional.<\/p>\n<p>Daniel Lima \u2013 Rep\u00f3rter da Ag\u00eancia Brasil<br \/>\nEdi\u00e7\u00e3o: Jos\u00e9 Romildo<br \/>\n29\/10\/2015<\/p>\n","protected":false},"excerpt":{"rendered":"<p>O d\u00e9ficit fiscal do Governo Central de janeiro a setembro deste ano atingiu R$ 20,938 bilh\u00f5es, o pior da s\u00e9rie hist\u00f3rica que come\u00e7ou em 1997, informou a Secretaria do Tesouro Nacional. O d\u00e9ficit \u00e9 24,6% superior ao do mesmo per\u00edodo do ano passado j\u00e1 corrigido pela infla\u00e7\u00e3o. O governo central engloba o Tesouro Nacional, a [&hellip;]<\/p>\n","protected":false},"author":2,"featured_media":57585,"comment_status":"open","ping_status":"closed","sticky":false,"template":"","format":"standard","meta":{"tdm_status":"","tdm_grid_status":"","footnotes":""},"categories":[22,7],"tags":[],"class_list":{"0":"post-76938","1":"post","2":"type-post","3":"status-publish","4":"format-standard","5":"has-post-thumbnail","7":"category-brasil","8":"category-economia"},"_links":{"self":[{"href":"https:\/\/migracao.redenoticia.com.br\/noticia\/wp-json\/wp\/v2\/posts\/76938","targetHints":{"allow":["GET"]}}],"collection":[{"href":"https:\/\/migracao.redenoticia.com.br\/noticia\/wp-json\/wp\/v2\/posts"}],"about":[{"href":"https:\/\/migracao.redenoticia.com.br\/noticia\/wp-json\/wp\/v2\/types\/post"}],"author":[{"embeddable":true,"href":"https:\/\/migracao.redenoticia.com.br\/noticia\/wp-json\/wp\/v2\/users\/2"}],"replies":[{"embeddable":true,"href":"https:\/\/migracao.redenoticia.com.br\/noticia\/wp-json\/wp\/v2\/comments?post=76938"}],"version-history":[{"count":0,"href":"https:\/\/migracao.redenoticia.com.br\/noticia\/wp-json\/wp\/v2\/posts\/76938\/revisions"}],"wp:featuredmedia":[{"embeddable":true,"href":"https:\/\/migracao.redenoticia.com.br\/noticia\/wp-json\/wp\/v2\/media\/57585"}],"wp:attachment":[{"href":"https:\/\/migracao.redenoticia.com.br\/noticia\/wp-json\/wp\/v2\/media?parent=76938"}],"wp:term":[{"taxonomy":"category","embeddable":true,"href":"https:\/\/migracao.redenoticia.com.br\/noticia\/wp-json\/wp\/v2\/categories?post=76938"},{"taxonomy":"post_tag","embeddable":true,"href":"https:\/\/migracao.redenoticia.com.br\/noticia\/wp-json\/wp\/v2\/tags?post=76938"}],"curies":[{"name":"wp","href":"https:\/\/api.w.org\/{rel}","templated":true}]}}