{"id":76941,"date":"2015-10-29T19:59:29","date_gmt":"2015-10-29T21:59:29","guid":{"rendered":"http:\/\/www.redenoticia.com.br\/noticia\/?p=76941"},"modified":"2015-10-29T19:59:29","modified_gmt":"2015-10-29T21:59:29","slug":"percentual-de-familias-endividadas-cresce-em-outubro-na-comparacao-com-2014","status":"publish","type":"post","link":"https:\/\/migracao.redenoticia.com.br\/noticia\/2015\/percentual-de-familias-endividadas-cresce-em-outubro-na-comparacao-com-2014\/76941","title":{"rendered":"Percentual de fam\u00edlias endividadas cresce em outubro na compara\u00e7\u00e3o com 2014"},"content":{"rendered":"<p> O percentual de <strong><em>fam\u00edlias endividadas<\/em><\/strong> no Brasil chegou a 62,1% em outubro deste ano. O percentual \u00e9 inferior ao registrado em setembro (63,5%), por\u00e9m maior na compara\u00e7\u00e3o com outubro de 2014 (60,2%). Os dados s\u00e3o da Pesquisa Nacional de Endividamento e Inadimpl\u00eancia do Consumidor (Peic), da Confedera\u00e7\u00e3o Nacional do Com\u00e9rcio de Bens, Servi\u00e7os e Turismo (CNC).<\/p>\n<p>A propor\u00e7\u00e3o de fam\u00edlias inadimplentes, ou seja, que est\u00e3o com contas ou d\u00edvidas em atraso, chegou a 23,1%, o mesmo percentual de setembro, mas superior aos 17,8% de outubro do ano passado. J\u00e1 o percentual de fam\u00edlias que n\u00e3o ter\u00e3o condi\u00e7\u00f5es de pagar as d\u00edvidas ficou em 8,5% em outubro deste ano, abaixo dos 8,6% do m\u00eas anterior, mas acima dos 5,4% de outubro de 2014.<\/p>\n<p>A participa\u00e7\u00e3o das d\u00edvidas com cart\u00e3o de cr\u00e9dito no total de d\u00edvidas subiu de 74,7% em outubro do ano passado para 78,5% no mesmo m\u00eas deste ano. O tempo m\u00e9dio de atraso das d\u00edvidas \u00e9 de 61,6 dias, segundo a CNC.<\/p>\n<p>Vitor Abdala \u2013 Rep\u00f3rter da Ag\u00eancia Brasil<br \/>\nEdi\u00e7\u00e3o: Carolina Pimentel<br \/>\n29\/10\/2015<br \/>\n&#8212;<br \/>\nA Empresa Brasil de Comunica\u00e7\u00e3o \u00e9 uma institui\u00e7\u00e3o da democracia brasileira: p\u00fablica, inclusiva e cidad\u00e3.  Criada em 2007 para fortalecer o sistema p\u00fablico de comunica\u00e7\u00e3o, \u00e9 gestora dos canais TV Brasil, TV Brasil Internacional, Ag\u00eancia Brasil, Radioag\u00eancia Nacional e do sistema p\u00fablico de R\u00e1dio \u2013 composto por oito emissoras. Estes, por sua independ\u00eancia editorial, distinguem-se dos canais estatais ou governamentais, com conte\u00fados diferenciados e complementares aos canais privados. Os ve\u00edculos da EBC t\u00eam autonomia para definir produ\u00e7\u00e3o, programa\u00e7\u00e3o e distribui\u00e7\u00e3o de conte\u00fados.<\/p>\n","protected":false},"excerpt":{"rendered":"<p>O percentual de fam\u00edlias endividadas no Brasil chegou a 62,1% em outubro deste ano. O percentual \u00e9 inferior ao registrado em setembro (63,5%), por\u00e9m maior na compara\u00e7\u00e3o com outubro de 2014 (60,2%). Os dados s\u00e3o da Pesquisa Nacional de Endividamento e Inadimpl\u00eancia do Consumidor (Peic), da Confedera\u00e7\u00e3o Nacional do Com\u00e9rcio de Bens, Servi\u00e7os e Turismo [&hellip;]<\/p>\n","protected":false},"author":2,"featured_media":57582,"comment_status":"open","ping_status":"closed","sticky":false,"template":"","format":"standard","meta":{"tdm_status":"","tdm_grid_status":"","footnotes":""},"categories":[22,7],"tags":[],"class_list":{"0":"post-76941","1":"post","2":"type-post","3":"status-publish","4":"format-standard","5":"has-post-thumbnail","7":"category-brasil","8":"category-economia"},"_links":{"self":[{"href":"https:\/\/migracao.redenoticia.com.br\/noticia\/wp-json\/wp\/v2\/posts\/76941","targetHints":{"allow":["GET"]}}],"collection":[{"href":"https:\/\/migracao.redenoticia.com.br\/noticia\/wp-json\/wp\/v2\/posts"}],"about":[{"href":"https:\/\/migracao.redenoticia.com.br\/noticia\/wp-json\/wp\/v2\/types\/post"}],"author":[{"embeddable":true,"href":"https:\/\/migracao.redenoticia.com.br\/noticia\/wp-json\/wp\/v2\/users\/2"}],"replies":[{"embeddable":true,"href":"https:\/\/migracao.redenoticia.com.br\/noticia\/wp-json\/wp\/v2\/comments?post=76941"}],"version-history":[{"count":0,"href":"https:\/\/migracao.redenoticia.com.br\/noticia\/wp-json\/wp\/v2\/posts\/76941\/revisions"}],"wp:featuredmedia":[{"embeddable":true,"href":"https:\/\/migracao.redenoticia.com.br\/noticia\/wp-json\/wp\/v2\/media\/57582"}],"wp:attachment":[{"href":"https:\/\/migracao.redenoticia.com.br\/noticia\/wp-json\/wp\/v2\/media?parent=76941"}],"wp:term":[{"taxonomy":"category","embeddable":true,"href":"https:\/\/migracao.redenoticia.com.br\/noticia\/wp-json\/wp\/v2\/categories?post=76941"},{"taxonomy":"post_tag","embeddable":true,"href":"https:\/\/migracao.redenoticia.com.br\/noticia\/wp-json\/wp\/v2\/tags?post=76941"}],"curies":[{"name":"wp","href":"https:\/\/api.w.org\/{rel}","templated":true}]}}