{"id":76957,"date":"2015-10-30T17:15:29","date_gmt":"2015-10-30T19:15:29","guid":{"rendered":"http:\/\/www.redenoticia.com.br\/noticia\/?p=76957"},"modified":"2015-10-30T17:15:29","modified_gmt":"2015-10-30T19:15:29","slug":"biota-fapesp-abre-chamada-para-educacao-em-biodiversidade","status":"publish","type":"post","link":"https:\/\/migracao.redenoticia.com.br\/noticia\/2015\/biota-fapesp-abre-chamada-para-educacao-em-biodiversidade\/76957","title":{"rendered":"BIOTA-FAPESP abre chamada para educa\u00e7\u00e3o em biodiversidade"},"content":{"rendered":"<p>Ag\u00eancia FAPESP \u2013 O Programa FAPESP de Pesquisas em Caracteriza\u00e7\u00e3o, Conserva\u00e7\u00e3o, Restaura\u00e7\u00e3o e Uso Sustent\u00e1vel da Biodiversidade (BIOTA) abre uma chamada de propostas para selecionar e apoiar projetos de pesquisa que contemplem a \u00e1rea de <strong><em>educa\u00e7\u00e3o em biodiversidade<\/em><\/strong>. A \u00e1rea de educa\u00e7\u00e3o em biodiversidade \u00e9 uma das prioridades do BIOTA\/FAPESP, como evidenciado no .<\/p>\n<p>A chamada de propostas BIOTA-FAPESP: Educa\u00e7\u00e3o objetiva apoiar projetos de estudos e pesquisas relacionados aos diferentes n\u00edveis e modalidades da educa\u00e7\u00e3o e da comunica\u00e7\u00e3o, de forma articulada aos interesses do programa.<\/p>\n<p>Pesquisadores que pretendam solicitar Aux\u00edlios \u00e0 Pesquisa, nas modalidades Projeto Tem\u00e1tico e Jovem Pesquisador, j\u00e1 podem incluir em sua solicita\u00e7\u00e3o, quando justific\u00e1vel, Bolsas no Pa\u00eds &#8211; Ensino P\u00fablico () e Bolsas no Pa\u00eds &#8211; Jornalismo Cient\u00edfico () como itens do or\u00e7amento solicitado. Com essa iniciativa a FAPESP espera intensificar a intera\u00e7\u00e3o entre seus melhores projetos de pesquisa e a escola p\u00fablica em S\u00e3o Paulo.<\/p>\n<p>O BIOTA-FAPESP envolve mais de 1.200 profissionais: 900 pesquisadores e estudantes das universidades paulistas, institutos de pesquisa e organiza\u00e7\u00f5es n\u00e3o governamentais, 150 colaboradores de outros estados brasileiros e 80 do exterior.<\/p>\n<p>Al\u00e9m do avan\u00e7o do conhecimento fundamental e aplicado sobre a caracteriza\u00e7\u00e3o, conserva\u00e7\u00e3o e uso sustent\u00e1vel da biodiversidade do Estado de S\u00e3o Paulo, o programa contribui significativamente para a forma\u00e7\u00e3o de recursos humanos altamente qualificados em pesquisa e desenvolvimento nessas \u00e1reas.<\/p>\n<p>O foco da presente chamada inclui:<\/p>\n<p>\u2013 pesquisa sobre implica\u00e7\u00f5es da multiplicidade de sentidos (cient\u00edficos, de pol\u00edticas p\u00fablicas e bioprospec\u00e7\u00e3o, por exemplo) do termo biodiversidade no campo da educa\u00e7\u00e3o para a forma\u00e7\u00e3o do cidad\u00e3o;<\/p>\n<p>\u2013 pesquisa sobre a rela\u00e7\u00e3o entre a mudan\u00e7a de paradigma na pesquisa em biodiversidade e as potencialidades para altera\u00e7\u00f5es na biologia escolar e nos processos de ensino e aprendizagem;<\/p>\n<p>\u2013 pesquisa sobre a fun\u00e7\u00e3o cient\u00edfica e hist\u00f3rica dos processos, m\u00e9todos e teorias de produ\u00e7\u00e3o de conhecimento em taxonomia e sistem\u00e1tica e suas ressignifica\u00e7\u00f5es\/apropria\u00e7\u00f5es\/conex\u00f5es para educa\u00e7\u00e3o;<\/p>\n<p>\u2013 pesquisa sobre as implica\u00e7\u00f5es sociais, \u00e9ticas e culturais das exposi\u00e7\u00f5es e demais artefatos de comunica\u00e7\u00e3o cient\u00edfica e funcionamento de museus e as m\u00eddias que tematizam biodiversidade;<\/p>\n<p>\u2013 pesquisa articulada \u00e0s a\u00e7\u00f5es educativas em museus e demais espa\u00e7os de comunica\u00e7\u00e3o cient\u00edfica, na tem\u00e1tica da biodiversidade;<\/p>\n<p>\u2013 pesquisa que resulte em material did\u00e1tico sobre biodiversidade adequado para os ensinos fundamental e m\u00e9dio.<\/p>\n<p>As propostas podem ser apresentadas nas linhas de fomento Aux\u00edlio \u00e0 Pesquisa \u2013 Regular, Aux\u00edlio \u00e0 Pesquisa \u2013 Projeto Tem\u00e1tico ou Programa Jovem Pesquisador em Centros Emergentes.<\/p>\n<p>As propostas devem ser submetidas at\u00e9 o dia 31 de mar\u00e7o de 2016 por meio do Sistema de Apoio a Gest\u00e3o (SAGe) da FAPESP, em: .<\/p>\n<p>Mais informa\u00e7\u00f5es est\u00e3o dispon\u00edveis na chamada de propostas, em: .<\/p>\n","protected":false},"excerpt":{"rendered":"<p>Ag\u00eancia FAPESP \u2013 O Programa FAPESP de Pesquisas em Caracteriza\u00e7\u00e3o, Conserva\u00e7\u00e3o, Restaura\u00e7\u00e3o e Uso Sustent\u00e1vel da Biodiversidade (BIOTA) abre uma chamada de propostas para selecionar e apoiar projetos de pesquisa que contemplem a \u00e1rea de educa\u00e7\u00e3o em biodiversidade. A \u00e1rea de educa\u00e7\u00e3o em biodiversidade \u00e9 uma das prioridades do BIOTA\/FAPESP, como evidenciado no . A [&hellip;]<\/p>\n","protected":false},"author":2,"featured_media":36246,"comment_status":"open","ping_status":"closed","sticky":false,"template":"","format":"standard","meta":{"tdm_status":"","tdm_grid_status":"","footnotes":""},"categories":[22,370,353],"tags":[],"class_list":{"0":"post-76957","1":"post","2":"type-post","3":"status-publish","4":"format-standard","5":"has-post-thumbnail","7":"category-brasil","8":"category-inscricao","9":"category-oportunidades"},"_links":{"self":[{"href":"https:\/\/migracao.redenoticia.com.br\/noticia\/wp-json\/wp\/v2\/posts\/76957","targetHints":{"allow":["GET"]}}],"collection":[{"href":"https:\/\/migracao.redenoticia.com.br\/noticia\/wp-json\/wp\/v2\/posts"}],"about":[{"href":"https:\/\/migracao.redenoticia.com.br\/noticia\/wp-json\/wp\/v2\/types\/post"}],"author":[{"embeddable":true,"href":"https:\/\/migracao.redenoticia.com.br\/noticia\/wp-json\/wp\/v2\/users\/2"}],"replies":[{"embeddable":true,"href":"https:\/\/migracao.redenoticia.com.br\/noticia\/wp-json\/wp\/v2\/comments?post=76957"}],"version-history":[{"count":0,"href":"https:\/\/migracao.redenoticia.com.br\/noticia\/wp-json\/wp\/v2\/posts\/76957\/revisions"}],"wp:featuredmedia":[{"embeddable":true,"href":"https:\/\/migracao.redenoticia.com.br\/noticia\/wp-json\/wp\/v2\/media\/36246"}],"wp:attachment":[{"href":"https:\/\/migracao.redenoticia.com.br\/noticia\/wp-json\/wp\/v2\/media?parent=76957"}],"wp:term":[{"taxonomy":"category","embeddable":true,"href":"https:\/\/migracao.redenoticia.com.br\/noticia\/wp-json\/wp\/v2\/categories?post=76957"},{"taxonomy":"post_tag","embeddable":true,"href":"https:\/\/migracao.redenoticia.com.br\/noticia\/wp-json\/wp\/v2\/tags?post=76957"}],"curies":[{"name":"wp","href":"https:\/\/api.w.org\/{rel}","templated":true}]}}