{"id":76963,"date":"2015-10-30T17:21:59","date_gmt":"2015-10-30T19:21:59","guid":{"rendered":"http:\/\/www.redenoticia.com.br\/noticia\/?p=76963"},"modified":"2015-10-30T17:21:59","modified_gmt":"2015-10-30T19:21:59","slug":"uso-do-cinto-de-seguranca-em-todos-os-bancos","status":"publish","type":"post","link":"https:\/\/migracao.redenoticia.com.br\/noticia\/2015\/uso-do-cinto-de-seguranca-em-todos-os-bancos\/76963","title":{"rendered":"Uso do cinto de seguran\u00e7a em todos os bancos"},"content":{"rendered":"<p>N\u00e3o utilizar o <strong><em>cinto de seguran\u00e7a<\/em><\/strong> \u00e9 uma infra\u00e7\u00e3o grave pelo C\u00f3digo de Tr\u00e2nsito Brasileiro (artigo 65) e que rende multa de R$ 127,69 por passageiro sem cinto. O motorista tem anotados cinco pontos na carteira de habilita\u00e7\u00e3o. Mais grave do que as penalidades administrativas s\u00e3o os riscos de n\u00e3o usar o acess\u00f3rio, especialmente quem est\u00e1 no banco de tr\u00e1s.<\/p>\n<p>Estudo da\u00a0Ag\u00eancia de Transporte do Estado de S\u00e3o Paulo (Artesp)\u00a0revela que, ap\u00f3s oito meses de campanha de conscientiza\u00e7\u00e3o, aumentou o n\u00famero de pessoas que usam o cinto de seguran\u00e7a no banco traseiro. Em dezembro de 2014, 54% dos passageiros n\u00e3o utilizavam o equipamento. Em agosto deste ano, o \u00edndice caiu para 38%.<\/p>\n<p>A pesquisa foi feita nas rodovias sob concess\u00e3o do estado e pra\u00e7as de ped\u00e1gio, por meio da observa\u00e7\u00e3o dos ocupantes dos ve\u00edculos que paravam nesses locais, e mostrou ainda que, no caso de motoristas que n\u00e3o utilizavam o cinto, houve queda de 13% para 9% e, no de passageiros do banco dianteiro, de 16% para 11%.<\/p>\n<p>Estudos da Artesp apontam que colocar o cinto de seguran\u00e7a no banco da frente pode reduzir em 45% o risco de mortes em acidentes. Enquanto que no banco traseiro essa redu\u00e7\u00e3o pode chegar a 75%. A campanha antecipou as a\u00e7\u00f5es da Semana Nacional de Tr\u00e2nsito, comemorada entre os dias 18 e 25 de setembro.<\/p>\n<p>Al\u00e9m de aumentar os riscos de morte por acidentes no tr\u00e2nsito, a n\u00e3o utiliza\u00e7\u00e3o do cinto de seguran\u00e7a \u00e9 considerada infra\u00e7\u00e3o grave pelo artigo 65 do C\u00f3digo de Tr\u00e2nsito Brasileiro e resulta em multa de R$ 127,69.<\/p>\n<p>Do Portal do Governo do Estado SP<\/p>\n","protected":false},"excerpt":{"rendered":"<p>N\u00e3o utilizar o cinto de seguran\u00e7a \u00e9 uma infra\u00e7\u00e3o grave pelo C\u00f3digo de Tr\u00e2nsito Brasileiro (artigo 65) e que rende multa de R$ 127,69 por passageiro sem cinto. O motorista tem anotados cinco pontos na carteira de habilita\u00e7\u00e3o. Mais grave do que as penalidades administrativas s\u00e3o os riscos de n\u00e3o usar o acess\u00f3rio, especialmente quem [&hellip;]<\/p>\n","protected":false},"author":2,"featured_media":35207,"comment_status":"open","ping_status":"closed","sticky":false,"template":"","format":"standard","meta":{"tdm_status":"","tdm_grid_status":"","footnotes":""},"categories":[22],"tags":[],"class_list":{"0":"post-76963","1":"post","2":"type-post","3":"status-publish","4":"format-standard","5":"has-post-thumbnail","7":"category-brasil"},"_links":{"self":[{"href":"https:\/\/migracao.redenoticia.com.br\/noticia\/wp-json\/wp\/v2\/posts\/76963","targetHints":{"allow":["GET"]}}],"collection":[{"href":"https:\/\/migracao.redenoticia.com.br\/noticia\/wp-json\/wp\/v2\/posts"}],"about":[{"href":"https:\/\/migracao.redenoticia.com.br\/noticia\/wp-json\/wp\/v2\/types\/post"}],"author":[{"embeddable":true,"href":"https:\/\/migracao.redenoticia.com.br\/noticia\/wp-json\/wp\/v2\/users\/2"}],"replies":[{"embeddable":true,"href":"https:\/\/migracao.redenoticia.com.br\/noticia\/wp-json\/wp\/v2\/comments?post=76963"}],"version-history":[{"count":0,"href":"https:\/\/migracao.redenoticia.com.br\/noticia\/wp-json\/wp\/v2\/posts\/76963\/revisions"}],"wp:featuredmedia":[{"embeddable":true,"href":"https:\/\/migracao.redenoticia.com.br\/noticia\/wp-json\/wp\/v2\/media\/35207"}],"wp:attachment":[{"href":"https:\/\/migracao.redenoticia.com.br\/noticia\/wp-json\/wp\/v2\/media?parent=76963"}],"wp:term":[{"taxonomy":"category","embeddable":true,"href":"https:\/\/migracao.redenoticia.com.br\/noticia\/wp-json\/wp\/v2\/categories?post=76963"},{"taxonomy":"post_tag","embeddable":true,"href":"https:\/\/migracao.redenoticia.com.br\/noticia\/wp-json\/wp\/v2\/tags?post=76963"}],"curies":[{"name":"wp","href":"https:\/\/api.w.org\/{rel}","templated":true}]}}