{"id":76965,"date":"2015-10-30T17:23:27","date_gmt":"2015-10-30T19:23:27","guid":{"rendered":"http:\/\/www.redenoticia.com.br\/noticia\/?p=76965"},"modified":"2015-10-30T17:23:59","modified_gmt":"2015-10-30T19:23:59","slug":"prorrogado-para-30-de-novembro-prazo-para-renovacao-de-contratos-do-fies","status":"publish","type":"post","link":"https:\/\/migracao.redenoticia.com.br\/noticia\/2015\/prorrogado-para-30-de-novembro-prazo-para-renovacao-de-contratos-do-fies\/76965","title":{"rendered":"Prorrogado para 30 de novembro prazo para renova\u00e7\u00e3o de contratos do Fies"},"content":{"rendered":"<p>O Minist\u00e9rio da Educa\u00e7\u00e3o prorrogou para o dia 30 de novembro o prazo para renova\u00e7\u00e3o dos contratos do Fundo de Financiamento Estudantil (<strong><em>Fies<\/em><\/strong>) do 1\u00b0 e 2\u00b0 semestres de 2015. A medida consta de portaria publicada no Di\u00e1rio Oficial da Uni\u00e3o. Com o Fies, os estudantes financiam cursos superiores em institui\u00e7\u00f5es privadas.<\/p>\n<p>A portaria prorroga para a mesma data o prazo para transfer\u00eancia integral de curso ou de institui\u00e7\u00e3o de ensino e para solicita\u00e7\u00e3o de dilata\u00e7\u00e3o do prazo de utiliza\u00e7\u00e3o do financiamento referentes ao 1\u00ba e 2\u00ba semestres de 2015.<\/p>\n<p>Tamb\u00e9m fica liberado at\u00e9 30 de novembro o aditamento de suspens\u00e3o tempor\u00e1ria e encerramento antecipado do prazo de utiliza\u00e7\u00e3o do financiamento, referente ao 2\u00ba semestre de 2013, 1\u00ba e 2\u00ba semestres de 2014 e ao 1\u00ba semestre de 2015.<\/p>\n<p>A renova\u00e7\u00e3o do financiamento e demais opera\u00e7\u00f5es devem ser feitas por meio do Sistema Informatizado do Fies (SisFies), dispon\u00edvel nos sites\u00a0 e <\/p>\n<p>Yara Aquino &#8211; Rep\u00f3rter da Ag\u00eancia Brasil<br \/>\nEdi\u00e7\u00e3o: Armando Cardoso<br \/>\n30\/10\/2015<br \/>\n&#8212;<br \/>\nA Empresa Brasil de Comunica\u00e7\u00e3o \u00e9 uma institui\u00e7\u00e3o da democracia brasileira: p\u00fablica, inclusiva e cidad\u00e3. Criada em 2007 para fortalecer o sistema p\u00fablico de comunica\u00e7\u00e3o, \u00e9 gestora dos canais TV Brasil, TV Brasil Internacional, Ag\u00eancia Brasil, Radioag\u00eancia Nacional e do sistema p\u00fablico de R\u00e1dio \u2013 composto por oito emissoras. Estes, por sua independ\u00eancia editorial, distinguem-se dos canais estatais ou governamentais, com conte\u00fados diferenciados e complementares aos canais privados. Os ve\u00edculos da EBC t\u00eam autonomia para definir produ\u00e7\u00e3o, programa\u00e7\u00e3o e distribui\u00e7\u00e3o de conte\u00fados.<\/p>\n","protected":false},"excerpt":{"rendered":"<p>O Minist\u00e9rio da Educa\u00e7\u00e3o prorrogou para o dia 30 de novembro o prazo para renova\u00e7\u00e3o dos contratos do Fundo de Financiamento Estudantil (Fies) do 1\u00b0 e 2\u00b0 semestres de 2015. A medida consta de portaria publicada no Di\u00e1rio Oficial da Uni\u00e3o. Com o Fies, os estudantes financiam cursos superiores em institui\u00e7\u00f5es privadas. A portaria prorroga [&hellip;]<\/p>\n","protected":false},"author":2,"featured_media":26465,"comment_status":"open","ping_status":"closed","sticky":false,"template":"","format":"standard","meta":{"tdm_status":"","tdm_grid_status":"","footnotes":""},"categories":[22],"tags":[],"class_list":{"0":"post-76965","1":"post","2":"type-post","3":"status-publish","4":"format-standard","5":"has-post-thumbnail","7":"category-brasil"},"_links":{"self":[{"href":"https:\/\/migracao.redenoticia.com.br\/noticia\/wp-json\/wp\/v2\/posts\/76965","targetHints":{"allow":["GET"]}}],"collection":[{"href":"https:\/\/migracao.redenoticia.com.br\/noticia\/wp-json\/wp\/v2\/posts"}],"about":[{"href":"https:\/\/migracao.redenoticia.com.br\/noticia\/wp-json\/wp\/v2\/types\/post"}],"author":[{"embeddable":true,"href":"https:\/\/migracao.redenoticia.com.br\/noticia\/wp-json\/wp\/v2\/users\/2"}],"replies":[{"embeddable":true,"href":"https:\/\/migracao.redenoticia.com.br\/noticia\/wp-json\/wp\/v2\/comments?post=76965"}],"version-history":[{"count":0,"href":"https:\/\/migracao.redenoticia.com.br\/noticia\/wp-json\/wp\/v2\/posts\/76965\/revisions"}],"wp:featuredmedia":[{"embeddable":true,"href":"https:\/\/migracao.redenoticia.com.br\/noticia\/wp-json\/wp\/v2\/media\/26465"}],"wp:attachment":[{"href":"https:\/\/migracao.redenoticia.com.br\/noticia\/wp-json\/wp\/v2\/media?parent=76965"}],"wp:term":[{"taxonomy":"category","embeddable":true,"href":"https:\/\/migracao.redenoticia.com.br\/noticia\/wp-json\/wp\/v2\/categories?post=76965"},{"taxonomy":"post_tag","embeddable":true,"href":"https:\/\/migracao.redenoticia.com.br\/noticia\/wp-json\/wp\/v2\/tags?post=76965"}],"curies":[{"name":"wp","href":"https:\/\/api.w.org\/{rel}","templated":true}]}}