{"id":76968,"date":"2015-10-30T17:25:23","date_gmt":"2015-10-30T19:25:23","guid":{"rendered":"http:\/\/www.redenoticia.com.br\/noticia\/?p=76968"},"modified":"2015-10-30T17:25:23","modified_gmt":"2015-10-30T19:25:23","slug":"governo-aumenta-taxa-de-juros-maxima-de-credito-consignado-de-aposentados","status":"publish","type":"post","link":"https:\/\/migracao.redenoticia.com.br\/noticia\/2015\/governo-aumenta-taxa-de-juros-maxima-de-credito-consignado-de-aposentados\/76968","title":{"rendered":"Governo aumenta taxa de juros m\u00e1xima de cr\u00e9dito consignado de aposentados"},"content":{"rendered":"<p> Os aposentados e pensionistas da Previd\u00eancia Social v\u00e3o pagar mais caro por <strong><em>empr\u00e9stimos consignados<\/em><\/strong>. O Conselho Nacional de Previd\u00eancia Social (CNPS) aprovou as novas taxas limites de cr\u00e9dito consignado. Para empr\u00e9stimo pessoal, o percentual passa de 2,14% para 2,34%. Para empr\u00e9stimos feitos pelo cart\u00e3o de cr\u00e9dito, a taxa sai de 3,06% para 3,36%. A mudan\u00e7a passar\u00e1 a valer somente com a publica\u00e7\u00e3o no Di\u00e1rio Oficial da Uni\u00e3o, nos pr\u00f3ximos dias.<\/p>\n<p>Segundo o Minist\u00e9rio da Previd\u00eancia Social, desde maio passado, o conselho j\u00e1 debatia o aumento dos juros. As institui\u00e7\u00f5es financeiras pleiteavam taxa limite de 2,48% para o empr\u00e9stimo pessoal e 3,49% para a modalidade cart\u00e3o de cr\u00e9dito, mas segundo o minist\u00e9rio, essa proposta n\u00e3o foi aceita.<\/p>\n<p>No \u00faltimo dia 22, o Di\u00e1rio Oficial da Uni\u00e3o publicou a lei que amplia o limite de renda que pode ser comprometido com cr\u00e9dito consignado, descontado em folha de pagamento. O limite passou de 30% para 35%. O percentual adicional de 5% s\u00f3 pode ser destinado para pagar d\u00edvidas de cart\u00e3o de cr\u00e9dito ou para saque por meio de cart\u00e3o.<\/p>\n<p>Da Ag\u00eancia Brasil<br \/>\nEdi\u00e7\u00e3o: Jos\u00e9 Romildo<br \/>\n30\/10\/2015<br \/>\n&#8212;<br \/>\nA Empresa Brasil de Comunica\u00e7\u00e3o \u00e9 uma institui\u00e7\u00e3o da democracia brasileira: p\u00fablica, inclusiva e cidad\u00e3. Criada em 2007 para fortalecer o sistema p\u00fablico de comunica\u00e7\u00e3o, \u00e9 gestora dos canais TV Brasil, TV Brasil Internacional, Ag\u00eancia Brasil, Radioag\u00eancia Nacional e do sistema p\u00fablico de R\u00e1dio \u2013 composto por oito emissoras. Estes, por sua independ\u00eancia editorial, distinguem-se dos canais estatais ou governamentais, com conte\u00fados diferenciados e complementares aos canais privados. Os ve\u00edculos da EBC t\u00eam autonomia para definir produ\u00e7\u00e3o, programa\u00e7\u00e3o e distribui\u00e7\u00e3o de conte\u00fados.<\/p>\n","protected":false},"excerpt":{"rendered":"<p>Os aposentados e pensionistas da Previd\u00eancia Social v\u00e3o pagar mais caro por empr\u00e9stimos consignados. O Conselho Nacional de Previd\u00eancia Social (CNPS) aprovou as novas taxas limites de cr\u00e9dito consignado. Para empr\u00e9stimo pessoal, o percentual passa de 2,14% para 2,34%. Para empr\u00e9stimos feitos pelo cart\u00e3o de cr\u00e9dito, a taxa sai de 3,06% para 3,36%. A mudan\u00e7a [&hellip;]<\/p>\n","protected":false},"author":2,"featured_media":57584,"comment_status":"open","ping_status":"closed","sticky":false,"template":"","format":"standard","meta":{"tdm_status":"","tdm_grid_status":"","footnotes":""},"categories":[22],"tags":[],"class_list":{"0":"post-76968","1":"post","2":"type-post","3":"status-publish","4":"format-standard","5":"has-post-thumbnail","7":"category-brasil"},"_links":{"self":[{"href":"https:\/\/migracao.redenoticia.com.br\/noticia\/wp-json\/wp\/v2\/posts\/76968","targetHints":{"allow":["GET"]}}],"collection":[{"href":"https:\/\/migracao.redenoticia.com.br\/noticia\/wp-json\/wp\/v2\/posts"}],"about":[{"href":"https:\/\/migracao.redenoticia.com.br\/noticia\/wp-json\/wp\/v2\/types\/post"}],"author":[{"embeddable":true,"href":"https:\/\/migracao.redenoticia.com.br\/noticia\/wp-json\/wp\/v2\/users\/2"}],"replies":[{"embeddable":true,"href":"https:\/\/migracao.redenoticia.com.br\/noticia\/wp-json\/wp\/v2\/comments?post=76968"}],"version-history":[{"count":0,"href":"https:\/\/migracao.redenoticia.com.br\/noticia\/wp-json\/wp\/v2\/posts\/76968\/revisions"}],"wp:featuredmedia":[{"embeddable":true,"href":"https:\/\/migracao.redenoticia.com.br\/noticia\/wp-json\/wp\/v2\/media\/57584"}],"wp:attachment":[{"href":"https:\/\/migracao.redenoticia.com.br\/noticia\/wp-json\/wp\/v2\/media?parent=76968"}],"wp:term":[{"taxonomy":"category","embeddable":true,"href":"https:\/\/migracao.redenoticia.com.br\/noticia\/wp-json\/wp\/v2\/categories?post=76968"},{"taxonomy":"post_tag","embeddable":true,"href":"https:\/\/migracao.redenoticia.com.br\/noticia\/wp-json\/wp\/v2\/tags?post=76968"}],"curies":[{"name":"wp","href":"https:\/\/api.w.org\/{rel}","templated":true}]}}