{"id":76970,"date":"2015-10-30T17:26:31","date_gmt":"2015-10-30T19:26:31","guid":{"rendered":"http:\/\/www.redenoticia.com.br\/noticia\/?p=76970"},"modified":"2015-10-30T17:26:31","modified_gmt":"2015-10-30T19:26:31","slug":"indice-de-confianca-do-comercio-da-fgv-cai-23-em-outubro","status":"publish","type":"post","link":"https:\/\/migracao.redenoticia.com.br\/noticia\/2015\/indice-de-confianca-do-comercio-da-fgv-cai-23-em-outubro\/76970","title":{"rendered":"\u00cdndice de Confian\u00e7a do Com\u00e9rcio da FGV cai 2,3% em outubro"},"content":{"rendered":"<p> O <strong><em>\u00cdndice de Confian\u00e7a do Com\u00e9rcio<\/em><\/strong> (Icom), da Funda\u00e7\u00e3o Getulio Vargas (FGV), teve um recuo de 2,3% em outubro. O indicador chegou a 80,6 pontos, atingindo, pela sexta vez consecutiva, o menor n\u00edvel da s\u00e9rie hist\u00f3rica, iniciada em mar\u00e7o de 2010.<\/p>\n<p>Os empres\u00e1rios do com\u00e9rcio est\u00e3o mais pessimistas em rela\u00e7\u00e3o ao futuro, j\u00e1 que o \u00cdndice de Expectativas do Icom, que avalia a opini\u00e3o em rela\u00e7\u00e3o aos pr\u00f3ximos meses, caiu 3,7%. O maior motivo para a queda \u00e9 a menor confian\u00e7a na evolu\u00e7\u00e3o das vendas nos pr\u00f3ximos tr\u00eas meses.<\/p>\n<p>O \u00cdndice da Situa\u00e7\u00e3o Atual do Icom, que mostra o grau de satisfa\u00e7\u00e3o com o momento presente, aumentou 0,8% em outubro, depois de recuos de 12,2% em agosto e 10,3% em setembro.<\/p>\n<p>De acordo com a FGV, o com\u00e9rcio entra no quarto trimestre do ano insatisfeito com os n\u00edveis de demanda atual e prevendo vendas fracas ao final do ano. O com\u00e9rcio \u00e9 atualmente o mais pessimista entre os quatro grandes setores monitorados mensalmente pelas sondagens da FGV (com\u00e9rcio, ind\u00fastria, servi\u00e7os e constru\u00e7\u00e3o civil).<\/p>\n<p>Vitor Abdala \u2013 Rep\u00f3rter da Ag\u00eancia Brasil<br \/>\nEdi\u00e7\u00e3o: Jos\u00e9 Romildo<br \/>\n30\/10\/2015<br \/>\n&#8212;<br \/>\nA Empresa Brasil de Comunica\u00e7\u00e3o \u00e9 uma institui\u00e7\u00e3o da democracia brasileira: p\u00fablica, inclusiva e cidad\u00e3. Criada em 2007 para fortalecer o sistema p\u00fablico de comunica\u00e7\u00e3o, \u00e9 gestora dos canais TV Brasil, TV Brasil Internacional, Ag\u00eancia Brasil, Radioag\u00eancia Nacional e do sistema p\u00fablico de R\u00e1dio \u2013 composto por oito emissoras. Estes, por sua independ\u00eancia editorial, distinguem-se dos canais estatais ou governamentais, com conte\u00fados diferenciados e complementares aos canais privados. Os ve\u00edculos da EBC t\u00eam autonomia para definir produ\u00e7\u00e3o, programa\u00e7\u00e3o e distribui\u00e7\u00e3o de conte\u00fados.<\/p>\n","protected":false},"excerpt":{"rendered":"<p>O \u00cdndice de Confian\u00e7a do Com\u00e9rcio (Icom), da Funda\u00e7\u00e3o Getulio Vargas (FGV), teve um recuo de 2,3% em outubro. O indicador chegou a 80,6 pontos, atingindo, pela sexta vez consecutiva, o menor n\u00edvel da s\u00e9rie hist\u00f3rica, iniciada em mar\u00e7o de 2010. Os empres\u00e1rios do com\u00e9rcio est\u00e3o mais pessimistas em rela\u00e7\u00e3o ao futuro, j\u00e1 que o [&hellip;]<\/p>\n","protected":false},"author":2,"featured_media":57585,"comment_status":"open","ping_status":"closed","sticky":false,"template":"","format":"standard","meta":{"tdm_status":"","tdm_grid_status":"","footnotes":""},"categories":[22,7],"tags":[],"class_list":{"0":"post-76970","1":"post","2":"type-post","3":"status-publish","4":"format-standard","5":"has-post-thumbnail","7":"category-brasil","8":"category-economia"},"_links":{"self":[{"href":"https:\/\/migracao.redenoticia.com.br\/noticia\/wp-json\/wp\/v2\/posts\/76970","targetHints":{"allow":["GET"]}}],"collection":[{"href":"https:\/\/migracao.redenoticia.com.br\/noticia\/wp-json\/wp\/v2\/posts"}],"about":[{"href":"https:\/\/migracao.redenoticia.com.br\/noticia\/wp-json\/wp\/v2\/types\/post"}],"author":[{"embeddable":true,"href":"https:\/\/migracao.redenoticia.com.br\/noticia\/wp-json\/wp\/v2\/users\/2"}],"replies":[{"embeddable":true,"href":"https:\/\/migracao.redenoticia.com.br\/noticia\/wp-json\/wp\/v2\/comments?post=76970"}],"version-history":[{"count":0,"href":"https:\/\/migracao.redenoticia.com.br\/noticia\/wp-json\/wp\/v2\/posts\/76970\/revisions"}],"wp:featuredmedia":[{"embeddable":true,"href":"https:\/\/migracao.redenoticia.com.br\/noticia\/wp-json\/wp\/v2\/media\/57585"}],"wp:attachment":[{"href":"https:\/\/migracao.redenoticia.com.br\/noticia\/wp-json\/wp\/v2\/media?parent=76970"}],"wp:term":[{"taxonomy":"category","embeddable":true,"href":"https:\/\/migracao.redenoticia.com.br\/noticia\/wp-json\/wp\/v2\/categories?post=76970"},{"taxonomy":"post_tag","embeddable":true,"href":"https:\/\/migracao.redenoticia.com.br\/noticia\/wp-json\/wp\/v2\/tags?post=76970"}],"curies":[{"name":"wp","href":"https:\/\/api.w.org\/{rel}","templated":true}]}}