{"id":77301,"date":"2015-11-09T17:19:52","date_gmt":"2015-11-09T19:19:52","guid":{"rendered":"http:\/\/www.redenoticia.com.br\/noticia\/?p=77301"},"modified":"2015-11-09T17:19:52","modified_gmt":"2015-11-09T19:19:52","slug":"quatro-vagas-de-pos-doutorado-em-astronomia-na-unesp-guaratingueta","status":"publish","type":"post","link":"https:\/\/migracao.redenoticia.com.br\/noticia\/2015\/quatro-vagas-de-pos-doutorado-em-astronomia-na-unesp-guaratingueta\/77301","title":{"rendered":"Quatro vagas de P\u00f3s-Doutorado em Astronomia na Unesp Guaratinguet\u00e1"},"content":{"rendered":"<p>Ag\u00eancia FAPESP \u2013 O Grupo de Din\u00e2mica Orbital e Planetologia da Universidade Estadual Paulista (Unesp), campus Guaratinguet\u00e1, oferece quatro vagas de <strong><em>P\u00f3s-Doutorado com bolsa da FAPESP<\/em><\/strong>. Inscri\u00e7\u00f5es ser\u00e3o recebidas at\u00e9 o dia 13 de novembro.<\/p>\n<p>Os bolsistas atuar\u00e3o em estudos relacionados ao Projeto Tem\u00e1tico\u00a0, com atividades previstas na pr\u00f3pria Unesp Guaratinguet\u00e1 e tamb\u00e9m no Instituto Nacional de Pesquisas Espaciais (Inpe), em S\u00e3o Jos\u00e9 dos Campos.<\/p>\n<p>Os projetos a serem desenvolvidos s\u00e3o \u201cAcoplamento spin-\u00f3rbita em din\u00e2mica do sistema solar\u201d, \u201cProblemas em din\u00e2mica orbital envolvendo pequenos corpos sujeitos a encontros pr\u00f3ximos gravitacionais\u201d, \u201cDin\u00e2mica de an\u00e9is planet\u00e1rios estreitos e pequenos sat\u00e9lites\u201d e \u201cAn\u00e1lise de atitude e \u00f3rbita para uma miss\u00e3o a um asteroide triplo\u201d.<\/p>\n<p>Os candidatos devem ter experi\u00eancia em aplica\u00e7\u00f5es de Din\u00e2mica Planet\u00e1ria e\/ou Din\u00e2mica de Sondas Espaciais.<\/p>\n<p>Inscri\u00e7\u00f5es podem ser encaminhadas ao pesquisador principal do Projeto Tem\u00e1tico, Othon Winter (ocwinter@gmail.com), contendo curr\u00edculo e declara\u00e7\u00e3o de interesse.<\/p>\n<p>A oportunidade est\u00e1 publicada no endere\u00e7o .<\/p>\n<p>Os selecionados receber\u00e3o bolsa de P\u00f3s-Doutorado da FAPESP no valor de R$ 6.143,40 mensais e Reserva T\u00e9cnica. A Reserva T\u00e9cnica da bolsa de PD equivale a 15% do valor anual da bolsa e tem o objetivo de atender a despesas imprevistas e diretamente relacionadas \u00e0 atividade de pesquisa.<\/p>\n<p>Caso os bolsistas residam em domic\u00edlio diferente e precisem se mudar para a cidade onde se localiza a institui\u00e7\u00e3o sede da pesquisa, poder\u00e3o ter direito a um Aux\u00edlio-Instala\u00e7\u00e3o.<\/p>\n<p>Mais informa\u00e7\u00f5es sobre a bolsa de P\u00f3s-Doutorado da FAPESP est\u00e3o dispon\u00edveis em .<\/p>\n<p>Outras vagas de bolsas de P\u00f3s-Doutorado, em diversas \u00e1reas do conhecimento, est\u00e3o no site .<\/p>\n","protected":false},"excerpt":{"rendered":"<p>Ag\u00eancia FAPESP \u2013 O Grupo de Din\u00e2mica Orbital e Planetologia da Universidade Estadual Paulista (Unesp), campus Guaratinguet\u00e1, oferece quatro vagas de P\u00f3s-Doutorado com bolsa da FAPESP. Inscri\u00e7\u00f5es ser\u00e3o recebidas at\u00e9 o dia 13 de novembro. Os bolsistas atuar\u00e3o em estudos relacionados ao Projeto Tem\u00e1tico\u00a0, com atividades previstas na pr\u00f3pria Unesp Guaratinguet\u00e1 e tamb\u00e9m no Instituto [&hellip;]<\/p>\n","protected":false},"author":2,"featured_media":34767,"comment_status":"open","ping_status":"closed","sticky":false,"template":"","format":"standard","meta":{"tdm_status":"","tdm_grid_status":"","footnotes":""},"categories":[22,370,353],"tags":[],"class_list":{"0":"post-77301","1":"post","2":"type-post","3":"status-publish","4":"format-standard","5":"has-post-thumbnail","7":"category-brasil","8":"category-inscricao","9":"category-oportunidades"},"_links":{"self":[{"href":"https:\/\/migracao.redenoticia.com.br\/noticia\/wp-json\/wp\/v2\/posts\/77301","targetHints":{"allow":["GET"]}}],"collection":[{"href":"https:\/\/migracao.redenoticia.com.br\/noticia\/wp-json\/wp\/v2\/posts"}],"about":[{"href":"https:\/\/migracao.redenoticia.com.br\/noticia\/wp-json\/wp\/v2\/types\/post"}],"author":[{"embeddable":true,"href":"https:\/\/migracao.redenoticia.com.br\/noticia\/wp-json\/wp\/v2\/users\/2"}],"replies":[{"embeddable":true,"href":"https:\/\/migracao.redenoticia.com.br\/noticia\/wp-json\/wp\/v2\/comments?post=77301"}],"version-history":[{"count":0,"href":"https:\/\/migracao.redenoticia.com.br\/noticia\/wp-json\/wp\/v2\/posts\/77301\/revisions"}],"wp:featuredmedia":[{"embeddable":true,"href":"https:\/\/migracao.redenoticia.com.br\/noticia\/wp-json\/wp\/v2\/media\/34767"}],"wp:attachment":[{"href":"https:\/\/migracao.redenoticia.com.br\/noticia\/wp-json\/wp\/v2\/media?parent=77301"}],"wp:term":[{"taxonomy":"category","embeddable":true,"href":"https:\/\/migracao.redenoticia.com.br\/noticia\/wp-json\/wp\/v2\/categories?post=77301"},{"taxonomy":"post_tag","embeddable":true,"href":"https:\/\/migracao.redenoticia.com.br\/noticia\/wp-json\/wp\/v2\/tags?post=77301"}],"curies":[{"name":"wp","href":"https:\/\/api.w.org\/{rel}","templated":true}]}}