{"id":77303,"date":"2015-11-09T17:21:32","date_gmt":"2015-11-09T19:21:32","guid":{"rendered":"http:\/\/www.redenoticia.com.br\/noticia\/?p=77303"},"modified":"2015-11-09T17:21:32","modified_gmt":"2015-11-09T19:21:32","slug":"producao-de-farmacos-a-partir-da-biodiversidade-e-tema-de-seminario-na-fapesp","status":"publish","type":"post","link":"https:\/\/migracao.redenoticia.com.br\/noticia\/2015\/producao-de-farmacos-a-partir-da-biodiversidade-e-tema-de-seminario-na-fapesp\/77303","title":{"rendered":"Produ\u00e7\u00e3o de f\u00e1rmacos a partir da biodiversidade \u00e9 tema de semin\u00e1rio na FAPESP"},"content":{"rendered":"<p>Fernando Cunha | Ag\u00eancia FAPESP \u2013 O avan\u00e7o das pesquisas em s\u00edntese org\u00e2nica, com forte inspira\u00e7\u00e3o em produtos naturais encontrados em plantas e outros organismos terrestres e marinhos da biodiversidade brasileira, ser\u00e1 tema do semin\u00e1rio internacional: Avan\u00e7os recentes na s\u00edntese de metab\u00f3litos naturais <em><strong>bioativos<\/strong><\/em>, FAPESP, 12 de novembro.<\/p>\n<p>O encontro \u00e9 organizado pela coordena\u00e7\u00e3o do Programa FAPESP de Pesquisas em Caracteriza\u00e7\u00e3o, Conserva\u00e7\u00e3o, Restaura\u00e7\u00e3o e Uso Sustent\u00e1vel da Biodiversidade. Lan\u00e7ado em 1999, o Programa BIOTA-FAPESP busca conhecer, mapear e analisar a fauna, a flora e os microrganismos da biodiversidade, avaliar as possibilidades de uso sustent\u00e1vel de seu potencial econ\u00f4mico e subsidiar pol\u00edticas de conserva\u00e7\u00e3o de \u00e1reas florestais remanescentes. Ligado ao BIOTA-FAPESP, o subprograma BIOprospecTA investiga h\u00e1 15 anos subst\u00e2ncias bioativas, prot\u00f3tipos de f\u00e1rmacos, cosm\u00e9ticos, suplementos alimentares e agroqu\u00edmicos de interesse econ\u00f4mico, identificados em biomas brasileiros.<\/p>\n<p>De acordo com os organizadores do semin\u00e1rio, h\u00e1 necessidade de fortalecer a pesquisa sobre a s\u00edntese org\u00e2nica de produtos naturais bioativos, bem como de derivados e an\u00e1logos. A constru\u00e7\u00e3o de modelos moleculares (prot\u00f3tipos) por meio de processos sint\u00e9ticos planejados \u00e9 fundamental para viabilizar o processo de escalonamento de um produto natural com potencial de aplica\u00e7\u00e3o comercial. Os produtos naturais, em geral, de complexidade estrutural e funcional, s\u00e3o obtidos em concentra\u00e7\u00f5es baixas e a s\u00edntese org\u00e2nica \u00e9 o caminho mais racional para a produ\u00e7\u00e3o de bioprodutos.<\/p>\n<p>A s\u00edntese org\u00e2nica \u00e9 uma \u00e1rea impactante da qu\u00edmica e particularmente importante para a reprodu\u00e7\u00e3o e escalonamento de subst\u00e2ncias da natureza. No Brasil, n\u00e3o obstante o n\u00famero de pesquisadores especialistas, \u00e9 fundamental incentivar jovens talentos a realizar pesquisa nesse campo. Um dos objetivos do semin\u00e1rio \u00e9 incentivar projetos em coopera\u00e7\u00e3o entre qu\u00edmicos sint\u00e9ticos, qu\u00edmicos medicinais e farmacologistas, produzindo inova\u00e7\u00f5es que poder\u00e3o levar a modelos de bioprodutos de forma mais integrada, eficiente e interdisciplinar.<\/p>\n<p>Confer\u00eancias<\/p>\n<p>Luiz Carlos Dias, o primeiro palestrante do encontro, investiga a s\u00edntese de f\u00e1rmacos potencialmente candidatos ao tratamento de doen\u00e7as negligenciadas como Chagas e mal\u00e1ria e vai falar sobre recentes avan\u00e7os na \u00e1rea. Dias \u00e9 pesquisador no Instituto de Qu\u00edmica da Universidade Estadual de Campinas (IQ-Unicamp) e no Centro de Pesquisa e Inova\u00e7\u00e3o em Biodiversidade e F\u00e1rmacos (CIBFar) \u2013 um dos 17 Centros de Pesquisa, Inova\u00e7\u00e3o e Difus\u00e3o (CEPIDs) apoiados pela FAPESP por at\u00e9 11 anos.<\/p>\n<p>Com PhD na Universidade de Stanford, nos Estados Unidos, o qu\u00edmico Carlos Roque Correia mudou-se em 1993 para o IQ-Unicamp com seu grupo de pesquisa para se concentrar em estudos sobre o desenvolvimento de metodologias sint\u00e9ticas verdes e concisas de compostos naturais, entre outros temas. No semin\u00e1rio, Correia vai tratar de novas estrat\u00e9gias para a constru\u00e7\u00e3o de compostos farmacologicamente ativos.<\/p>\n<p>Sob a orienta\u00e7\u00e3o de Correia, Antonio Carlos Burtoloso, ligado ao Instituto de Qu\u00edmica de S\u00e3o Carlos, da Universidade de S\u00e3o Paulo (IQ-USP), obteve seu doutorado com investiga\u00e7\u00e3o sobre metodologias de s\u00edntese org\u00e2nica. Um dos temas de seu interesse \u00e9 a s\u00edntese de produtos naturais com atividade potente contra doen\u00e7as tropicais.<\/p>\n<p>Entre os participantes estrangeiros est\u00e3o James Morken, pesquisador no Boston College, nos Estados Unidos; Nicholas Turner, do Instituto de Biotecnologia da Universidade de Manchester, Reino Unido; e Daniel Romo, pesquisador e membro da dire\u00e7\u00e3o do Laborat\u00f3rio de S\u00edntese e Descoberta de Drogas da Universidade de Baylor, nos Estados Unidos.<\/p>\n<p>Os temas abordados por eles est\u00e3o relacionados ao emprego e ao desenvolvimento de biocatalisadores (ou \u201caceleradores\u201d) de processos de s\u00edntese de produtos naturais bioativos e \u00e0 explora\u00e7\u00e3o da biologia celular desses produtos.<\/p>\n<p>Veja a programa\u00e7\u00e3o completa em: .<\/p>\n","protected":false},"excerpt":{"rendered":"<p>Fernando Cunha | Ag\u00eancia FAPESP \u2013 O avan\u00e7o das pesquisas em s\u00edntese org\u00e2nica, com forte inspira\u00e7\u00e3o em produtos naturais encontrados em plantas e outros organismos terrestres e marinhos da biodiversidade brasileira, ser\u00e1 tema do semin\u00e1rio internacional: Avan\u00e7os recentes na s\u00edntese de metab\u00f3litos naturais bioativos, FAPESP, 12 de novembro. O encontro \u00e9 organizado pela coordena\u00e7\u00e3o do [&hellip;]<\/p>\n","protected":false},"author":2,"featured_media":36246,"comment_status":"open","ping_status":"closed","sticky":false,"template":"","format":"standard","meta":{"tdm_status":"","tdm_grid_status":"","footnotes":""},"categories":[22],"tags":[],"class_list":{"0":"post-77303","1":"post","2":"type-post","3":"status-publish","4":"format-standard","5":"has-post-thumbnail","7":"category-brasil"},"_links":{"self":[{"href":"https:\/\/migracao.redenoticia.com.br\/noticia\/wp-json\/wp\/v2\/posts\/77303","targetHints":{"allow":["GET"]}}],"collection":[{"href":"https:\/\/migracao.redenoticia.com.br\/noticia\/wp-json\/wp\/v2\/posts"}],"about":[{"href":"https:\/\/migracao.redenoticia.com.br\/noticia\/wp-json\/wp\/v2\/types\/post"}],"author":[{"embeddable":true,"href":"https:\/\/migracao.redenoticia.com.br\/noticia\/wp-json\/wp\/v2\/users\/2"}],"replies":[{"embeddable":true,"href":"https:\/\/migracao.redenoticia.com.br\/noticia\/wp-json\/wp\/v2\/comments?post=77303"}],"version-history":[{"count":0,"href":"https:\/\/migracao.redenoticia.com.br\/noticia\/wp-json\/wp\/v2\/posts\/77303\/revisions"}],"wp:featuredmedia":[{"embeddable":true,"href":"https:\/\/migracao.redenoticia.com.br\/noticia\/wp-json\/wp\/v2\/media\/36246"}],"wp:attachment":[{"href":"https:\/\/migracao.redenoticia.com.br\/noticia\/wp-json\/wp\/v2\/media?parent=77303"}],"wp:term":[{"taxonomy":"category","embeddable":true,"href":"https:\/\/migracao.redenoticia.com.br\/noticia\/wp-json\/wp\/v2\/categories?post=77303"},{"taxonomy":"post_tag","embeddable":true,"href":"https:\/\/migracao.redenoticia.com.br\/noticia\/wp-json\/wp\/v2\/tags?post=77303"}],"curies":[{"name":"wp","href":"https:\/\/api.w.org\/{rel}","templated":true}]}}