{"id":77305,"date":"2015-11-09T17:23:02","date_gmt":"2015-11-09T19:23:02","guid":{"rendered":"http:\/\/www.redenoticia.com.br\/noticia\/?p=77305"},"modified":"2015-11-09T17:23:02","modified_gmt":"2015-11-09T19:23:02","slug":"vestibular-das-fatecs-recebe-inscricoes-ate-11-de-novembro","status":"publish","type":"post","link":"https:\/\/migracao.redenoticia.com.br\/noticia\/2015\/vestibular-das-fatecs-recebe-inscricoes-ate-11-de-novembro\/77305","title":{"rendered":"Vestibular das Fatecs recebe inscri\u00e7\u00f5es at\u00e9 11 de novembro"},"content":{"rendered":"<p>O <strong><em>processo seletivo das Fatecs<\/em><\/strong> (Faculdades de Tecnologia do Estado de S\u00e3o Paulo) recebe inscri\u00e7\u00f5es at\u00e9 as 15h desta quarta-feira (11). Os interessados em ingressar no primeiro semestre de 2016 devem se inscrever exclusivamente no\u00a0.<\/p>\n<p>S\u00e3o oferecidas 15.565 vagas, n\u00famero que inclui duas mil vagas para a modalidade a dist\u00e2ncia, distribu\u00eddas entre os 72 cursos gratuitos de tecnologia. Para concorrer, o candidato deve ter conclu\u00eddo ou estar cursando o Ensino M\u00e9dio ou equivalente, desde que no ato da matr\u00edcula comprove a conclus\u00e3o do curso.<\/p>\n<p>Inscri\u00e7\u00f5es<br \/>\n\u00c9 necess\u00e1rio preencher a Ficha de Inscri\u00e7\u00e3o e o question\u00e1rio socioecon\u00f4mico, imprimir o boleto e pagar a taxa no valor de R$ 75 (em dinheiro), em qualquer ag\u00eancia banc\u00e1ria. Quem pediu isen\u00e7\u00e3o e redu\u00e7\u00e3o da taxa de inscri\u00e7\u00e3o poder\u00e1 conferir o resultado da solicita\u00e7\u00e3o no site do Vestibular antes de fazer sua inscri\u00e7\u00e3o.<\/p>\n<p>No ato da inscri\u00e7\u00e3o, \u00e9 poss\u00edvel escolher um curso em primeira op\u00e7\u00e3o e colocar como segunda op\u00e7\u00e3o: o mesmo curso (presencial ou EaD) de primeira op\u00e7\u00e3o em outro per\u00edodo na mesma Fatec; ou o mesmo curso (presencial ou EaD) de primeira op\u00e7\u00e3o em qualquer per\u00edodo de outra Fatec; ou ainda qualquer curso (presencial ou EaD) com o mesmo conjunto de disciplinas priorit\u00e1rias (a rela\u00e7\u00e3o dos cursos estar\u00e1 na\u00a0, no momento em que o candidato for definir a segunda op\u00e7\u00e3o), em qualquer Fatec e per\u00edodo.<\/p>\n<p>Novidades<\/p>\n<p>A futura Fatec de Itatiba passa a integrar o processo seletivo, oferecendo 40 vagas, \u00e0 noite, para o curso superior de tecnologia de Gest\u00e3o da Produ\u00e7\u00e3o Industrial.<\/p>\n<p>A Fatec Guaratinguet\u00e1 vai aumentar o n\u00famero de vagas oferecidas em Gest\u00e3o Comercial (40 vagas \u00e0 tarde\/noite).<\/p>\n<p>Duas Fatecs v\u00e3o implantar novas turmas em cursos j\u00e1 existentes: Fatec Mau\u00e1 &#8211; Inform\u00e1tica para Neg\u00f3cios (40 vagas de manh\u00e3) e Fatec Tatuap\u00e9 &#8211; Transporte Terrestre (40 vagas de manh\u00e3).<\/p>\n<p>O curso de Materiais, Processos e Componentes Eletr\u00f4nicos, oferecido pela Fatec S\u00e3o Paulo, na capital, passa a se chamar Microeletr\u00f4nica.<\/p>\n<p>Condi\u00e7\u00f5es especiais<\/p>\n<p>O candidato com defici\u00eancias, que precise de condi\u00e7\u00f5es especiais para fazer a prova, deve mencionar sua necessidade na ficha de inscri\u00e7\u00e3o eletr\u00f4nica. Ser\u00e1 necess\u00e1ria a apresenta\u00e7\u00e3o de laudo m\u00e9dico, emitido por especialista, at\u00e9 as 15 horas do dia 11 de novembro.<\/p>\n<p>Inclus\u00e3o Social<\/p>\n<p>O Sistema de Pontua\u00e7\u00e3o Acrescida concede b\u00f4nus de 3% a estudantes afrodescendentes e de 10% a oriundos da rede p\u00fablica. Caso o aluno esteja nas duas situa\u00e7\u00f5es, recebe 13% de b\u00f4nus.<\/p>\n<p>Para ter direito ao b\u00f4nus, o candidato afrodescendente deve fazer a autodeclara\u00e7\u00e3o no ato da inscri\u00e7\u00e3o.<\/p>\n<p>O candidato tamb\u00e9m deve informar, no momento da inscri\u00e7\u00e3o, se \u00e9 egresso do ensino p\u00fablico. A comprova\u00e7\u00e3o de que cursou integralmente o Ensino M\u00e9dio na rede p\u00fablica (federal, estadual ou municipal) ser\u00e1 exigida no ato da matr\u00edcula por meio da apresenta\u00e7\u00e3o do hist\u00f3rico escolar ou da declara\u00e7\u00e3o escolar, contendo o detalhamento das s\u00e9ries cursadas e o nome da escola.<\/p>\n<p>\u00c9 indispens\u00e1vel que o candidato verifique se realmente tem direito \u00e0 pontua\u00e7\u00e3o acrescida, pois a matr\u00edcula n\u00e3o poder\u00e1 ser realizada e a vaga ser\u00e1 perdida caso as informa\u00e7\u00f5es n\u00e3o atendam \u00e0s condi\u00e7\u00f5es estabelecidas em sua totalidade.<\/p>\n<p>O Manual do Candidato, que traz todas as datas, normas e orienta\u00e7\u00f5es para o processo seletivo, est\u00e1 dispon\u00edvel no\u00a0\u00a0para download gratuito.<\/p>\n<p>Do Portal do Governo do Estado SP<\/p>\n","protected":false},"excerpt":{"rendered":"<p>O processo seletivo das Fatecs (Faculdades de Tecnologia do Estado de S\u00e3o Paulo) recebe inscri\u00e7\u00f5es at\u00e9 as 15h desta quarta-feira (11). Os interessados em ingressar no primeiro semestre de 2016 devem se inscrever exclusivamente no\u00a0. S\u00e3o oferecidas 15.565 vagas, n\u00famero que inclui duas mil vagas para a modalidade a dist\u00e2ncia, distribu\u00eddas entre os 72 cursos [&hellip;]<\/p>\n","protected":false},"author":2,"featured_media":36244,"comment_status":"open","ping_status":"closed","sticky":false,"template":"","format":"standard","meta":{"tdm_status":"","tdm_grid_status":"","footnotes":""},"categories":[22,370,295],"tags":[],"class_list":{"0":"post-77305","1":"post","2":"type-post","3":"status-publish","4":"format-standard","5":"has-post-thumbnail","7":"category-brasil","8":"category-inscricao","9":"category-vestibular"},"_links":{"self":[{"href":"https:\/\/migracao.redenoticia.com.br\/noticia\/wp-json\/wp\/v2\/posts\/77305","targetHints":{"allow":["GET"]}}],"collection":[{"href":"https:\/\/migracao.redenoticia.com.br\/noticia\/wp-json\/wp\/v2\/posts"}],"about":[{"href":"https:\/\/migracao.redenoticia.com.br\/noticia\/wp-json\/wp\/v2\/types\/post"}],"author":[{"embeddable":true,"href":"https:\/\/migracao.redenoticia.com.br\/noticia\/wp-json\/wp\/v2\/users\/2"}],"replies":[{"embeddable":true,"href":"https:\/\/migracao.redenoticia.com.br\/noticia\/wp-json\/wp\/v2\/comments?post=77305"}],"version-history":[{"count":0,"href":"https:\/\/migracao.redenoticia.com.br\/noticia\/wp-json\/wp\/v2\/posts\/77305\/revisions"}],"wp:featuredmedia":[{"embeddable":true,"href":"https:\/\/migracao.redenoticia.com.br\/noticia\/wp-json\/wp\/v2\/media\/36244"}],"wp:attachment":[{"href":"https:\/\/migracao.redenoticia.com.br\/noticia\/wp-json\/wp\/v2\/media?parent=77305"}],"wp:term":[{"taxonomy":"category","embeddable":true,"href":"https:\/\/migracao.redenoticia.com.br\/noticia\/wp-json\/wp\/v2\/categories?post=77305"},{"taxonomy":"post_tag","embeddable":true,"href":"https:\/\/migracao.redenoticia.com.br\/noticia\/wp-json\/wp\/v2\/tags?post=77305"}],"curies":[{"name":"wp","href":"https:\/\/api.w.org\/{rel}","templated":true}]}}