{"id":77307,"date":"2015-11-09T17:24:19","date_gmt":"2015-11-09T19:24:19","guid":{"rendered":"http:\/\/www.redenoticia.com.br\/noticia\/?p=77307"},"modified":"2015-11-09T17:24:19","modified_gmt":"2015-11-09T19:24:19","slug":"nivel-de-concentracao-de-gases-de-efeito-estufa-tem-novo-recorde-em-2014","status":"publish","type":"post","link":"https:\/\/migracao.redenoticia.com.br\/noticia\/2015\/nivel-de-concentracao-de-gases-de-efeito-estufa-tem-novo-recorde-em-2014\/77307","title":{"rendered":"N\u00edvel de concentra\u00e7\u00e3o de gases de efeito estufa tem novo recorde em 2014"},"content":{"rendered":"<p>O n\u00edvel de concentra\u00e7\u00e3o dos <strong><em>gases de efeito estufa<\/em><\/strong> atingiu novo recorde no ano passado, anunciou a Organiza\u00e7\u00e3o Meteorol\u00f3gica Mundial (OMM) em seu relat\u00f3rio anual. \u201cTodo ano, registramos novo recorde nas concentra\u00e7\u00f5es de gases de efeito estufa\u201d, lamentou o diretor da OMM, Michel Jarraud.<\/p>\n<p>\u201cA cada ano, dizemos que n\u00e3o temos mais tempo, devemos agir agora para reduzir as emiss\u00f5es de gases e para que tenhamos uma oportunidade de manter em n\u00edvel razo\u00e1vel o aumento da temperatura\u201d, destacou no relat\u00f3rio.<\/p>\n<p>O estudo &#8211; que n\u00e3o mede as emiss\u00f5es de gases de efeito estufa, mas a sua concentra\u00e7\u00e3o na atmosfera &#8211; mostra que o di\u00f3xido de carbono, o principal g\u00e1s com efeito estufa de longa dura\u00e7\u00e3o, aumentou para 397,7 partes por milh\u00e3o (ppm) no ano passado.<\/p>\n<p>\u201cN\u00e3o podemos ver o di\u00f3xido de carbono, \u00e9 uma amea\u00e7a invis\u00edvel, mas uma amea\u00e7a muito real\u201d, lembrou Jarraud. \u201cIsso significa temperaturas globais mais elevadas, mais fen\u00f4menos meteorol\u00f3gicos extremos, como vagas de calor, inunda\u00e7\u00f5es, derretimento do gelo e aumento do n\u00edvel do mar e da sua acidez\u201d.<\/p>\n<p>O relat\u00f3rio da ag\u00eancia da ONU \u00e9 divulgado a tr\u00eas semanas da C\u00fapula do Clima de Paris (COP21), que visa \u00e0 tomada de medidas significativas para limitar o fen\u00f4meno do aquecimento global.<\/p>\n<p>O metano, o segundo g\u00e1s com efeito estufa de longa dura\u00e7\u00e3o, tamb\u00e9m atingiu novo recorde de concentra\u00e7\u00e3o, 1.833 ppm em 2014, segundo o relat\u00f3rio.<\/p>\n<p>A OMM indica que, com 60% das emiss\u00f5es de metano provocadas pela atividade humana, principalmente a pecu\u00e1ria, o cultivo de arroz, a explora\u00e7\u00e3o de combust\u00edveis f\u00f3sseis, foi registrado aumento de 254% das concentra\u00e7\u00f5es desse g\u00e1s na atmosfera, desde os n\u00edveis da era pr\u00e9-industrial.<\/p>\n<p>O prot\u00f3xido de azoto, cujo impacto no clima em um per\u00edodo de 100 anos \u00e9 298 vezes maior que o do di\u00f3xido de carbono e que tamb\u00e9m contribui para a destrui\u00e7\u00e3o da camada de oz\u00f4nio, que protege dos raios ultravioleta do sol, registrou o ano passado uma concentra\u00e7\u00e3o de 327,1 partes por bilh\u00e3o, ou 121% dos seus n\u00edveis antes da era industrial.<\/p>\n<p>Ag\u00eancia Brasil<br \/>\nDa Ag\u00eancia Lusa<br \/>\n09\/11\/2015<\/p>\n","protected":false},"excerpt":{"rendered":"<p>O n\u00edvel de concentra\u00e7\u00e3o dos gases de efeito estufa atingiu novo recorde no ano passado, anunciou a Organiza\u00e7\u00e3o Meteorol\u00f3gica Mundial (OMM) em seu relat\u00f3rio anual. \u201cTodo ano, registramos novo recorde nas concentra\u00e7\u00f5es de gases de efeito estufa\u201d, lamentou o diretor da OMM, Michel Jarraud. \u201cA cada ano, dizemos que n\u00e3o temos mais tempo, devemos agir [&hellip;]<\/p>\n","protected":false},"author":2,"featured_media":57582,"comment_status":"open","ping_status":"closed","sticky":false,"template":"","format":"standard","meta":{"tdm_status":"","tdm_grid_status":"","footnotes":""},"categories":[22],"tags":[],"class_list":{"0":"post-77307","1":"post","2":"type-post","3":"status-publish","4":"format-standard","5":"has-post-thumbnail","7":"category-brasil"},"_links":{"self":[{"href":"https:\/\/migracao.redenoticia.com.br\/noticia\/wp-json\/wp\/v2\/posts\/77307","targetHints":{"allow":["GET"]}}],"collection":[{"href":"https:\/\/migracao.redenoticia.com.br\/noticia\/wp-json\/wp\/v2\/posts"}],"about":[{"href":"https:\/\/migracao.redenoticia.com.br\/noticia\/wp-json\/wp\/v2\/types\/post"}],"author":[{"embeddable":true,"href":"https:\/\/migracao.redenoticia.com.br\/noticia\/wp-json\/wp\/v2\/users\/2"}],"replies":[{"embeddable":true,"href":"https:\/\/migracao.redenoticia.com.br\/noticia\/wp-json\/wp\/v2\/comments?post=77307"}],"version-history":[{"count":0,"href":"https:\/\/migracao.redenoticia.com.br\/noticia\/wp-json\/wp\/v2\/posts\/77307\/revisions"}],"wp:featuredmedia":[{"embeddable":true,"href":"https:\/\/migracao.redenoticia.com.br\/noticia\/wp-json\/wp\/v2\/media\/57582"}],"wp:attachment":[{"href":"https:\/\/migracao.redenoticia.com.br\/noticia\/wp-json\/wp\/v2\/media?parent=77307"}],"wp:term":[{"taxonomy":"category","embeddable":true,"href":"https:\/\/migracao.redenoticia.com.br\/noticia\/wp-json\/wp\/v2\/categories?post=77307"},{"taxonomy":"post_tag","embeddable":true,"href":"https:\/\/migracao.redenoticia.com.br\/noticia\/wp-json\/wp\/v2\/tags?post=77307"}],"curies":[{"name":"wp","href":"https:\/\/api.w.org\/{rel}","templated":true}]}}