{"id":77311,"date":"2015-11-09T17:26:56","date_gmt":"2015-11-09T19:26:56","guid":{"rendered":"http:\/\/www.redenoticia.com.br\/noticia\/?p=77311"},"modified":"2015-11-09T17:26:56","modified_gmt":"2015-11-09T19:26:56","slug":"instituicoes-financeiras-projetam-inflacao-em-999-este-ano","status":"publish","type":"post","link":"https:\/\/migracao.redenoticia.com.br\/noticia\/2015\/instituicoes-financeiras-projetam-inflacao-em-999-este-ano\/77311","title":{"rendered":"Institui\u00e7\u00f5es financeiras projetam infla\u00e7\u00e3o em 9,99%, este ano"},"content":{"rendered":"<p>Institui\u00e7\u00f5es financeiras consultadas pelo Banco Central (BC) esperam que a <strong><em>infla\u00e7\u00e3o<\/em><\/strong>, medida pelo \u00cdndice Nacional de Pre\u00e7os ao Consumidor Amplo (IPCA), chegue a 9,99%, este ano. Na semana passada a previs\u00e3o era 9,91%. Esse foi o oitavo ajuste seguido na estimativa. Para 2016, a proje\u00e7\u00e3o sobe por 14 semanas consecutivas. De acordo com o boletim Focus, a estimativa passou de 6,29% para 6,47%, no pr\u00f3ximo ano.<\/p>\n<p>A proje\u00e7\u00e3o para o pr\u00f3ximo ano est\u00e1 chegando perto do teto da meta 6,5%. O centro da meta de infla\u00e7\u00e3o \u00e9 4,5%. Na \u00faltima quinta-feira (5), o diretor de Pol\u00edtica Econ\u00f4mica do BC, Altamir Lopes, admitiu que a infla\u00e7\u00e3o s\u00f3 deve ficar em 4,5% em 2017. Lopes disse que o BC adotar\u00e1 as medidas necess\u00e1rias para levar a infla\u00e7\u00e3o o mais pr\u00f3ximo poss\u00edvel da meta, em 2016, e chegar a 4,5%, em 2017. O diretor tamb\u00e9m disse que n\u00e3o v\u00ea a possibilidade de rompimento do limite superior da meta, 6,5%, em 2016.<\/p>\n<p>Anteriormente, o BC esperava chegar ao centro da meta de infla\u00e7\u00e3o no pr\u00f3ximo ano. Na \u00faltima reuni\u00e3o do Comit\u00ea de Pol\u00edtica Monet\u00e1ria (Copom), respons\u00e1vel por definir a taxa b\u00e1sica de juros, a Selic, a expectativa mudou para 2017. Na ata da \u00faltima reuni\u00e3o do Copom, o BC diz que as indefini\u00e7\u00f5es e altera\u00e7\u00f5es significativas na meta fiscal mudam as expectativas para a infla\u00e7\u00e3o e criam uma percep\u00e7\u00e3o negativa sobre o ambiente econ\u00f4mico.<\/p>\n<p>Para tentar levar a infla\u00e7\u00e3o ao centro da meta em 2016, o Copom elevou a taxa b\u00e1sica de juros, a Selic, por sete vezes consecutivas. Na reuni\u00e3o de setembro e de outubro, o Copom optou por manter a Selic em 14,25% ao ano.<\/p>\n<p>A expectativa das institui\u00e7\u00f5es financeiras \u00e9 que o Copom mantenha a Selic em 14,25% ao ano, na \u00faltima reuni\u00e3o de 2015, marcada para os dias 24 e 25 deste m\u00eas. Para o final de 2016, a expectativa para a Selic passou de 13% para 13,25% ao ano.<\/p>\n<p>A taxa \u00e9 usada nas negocia\u00e7\u00f5es de t\u00edtulos p\u00fablicos no Sistema Especial de Liquida\u00e7\u00e3o e Cust\u00f3dia (Selic) e serve como refer\u00eancia para as demais taxas de juros da economia. Ao reajust\u00e1-la para cima, o BC cont\u00e9m o excesso de demanda que pressiona os pre\u00e7os, porque os juros mais altos encarecem o cr\u00e9dito e estimulam a poupan\u00e7a. Ao manter a Selic, o comit\u00ea indica que ajustes anteriores foram suficientes para produzir efeitos na economia.<\/p>\n<p>A infla\u00e7\u00e3o alta vem acompanhada de recess\u00e3o. A economia brasileira deve encolher 3,10%, este ano. Essa foi a 17\u00aa piora consecutiva na estimativa para a queda do Produto Interno Bruto (PIB), soma de todos os bens e servi\u00e7os produzidos no pa\u00eds. Na semana passada, a estimativa estava em 3,05%. No pr\u00f3ximo ano, a proje\u00e7\u00e3o de retra\u00e7\u00e3o passou de 1,51% para 1,9%, no quinto ajuste consecutivo.<\/p>\n<p>Na avalia\u00e7\u00e3o do mercado financeiro, a produ\u00e7\u00e3o industrial deve ter uma queda de 7,4%, este ano, e de 2% em 2016.<\/p>\n<p>A pesquisa do BC tamb\u00e9m traz a proje\u00e7\u00e3o para a infla\u00e7\u00e3o medida pelo \u00cdndice Geral de Pre\u00e7os \u2013 Disponibilidade Interna (IGP-DI), que passou de 10,14% para 10,44%, este ano. Para o \u00cdndice Geral de Pre\u00e7os &#8211; Mercado (IGP-M), a estimativa subiu de 9,88% para 9,96%, em 2015. A estimativa para o \u00cdndice de Pre\u00e7os ao Consumidor da Funda\u00e7\u00e3o Instituto de Pesquisas Econ\u00f4micas (IPC-Fipe) foi alterada de 10,02% para 10,16%, este ano. A proje\u00e7\u00e3o para a alta dos pre\u00e7os administrados passou de 16,50% para 17%, este ano, e de 6,75% para 6,95%, em 2016.<\/p>\n<p>A estimativa para o d\u00f3lar permanece em R$ 4, ao final deste ano, e em R$ 4,20, no fim de 2016.<\/p>\n<p>Kelly Oliveira \u2013 Rep\u00f3rter da Ag\u00eancia Brasil<br \/>\nEdi\u00e7\u00e3o: Jos\u00e9 Romildo<br \/>\n09\/11\/2015<\/p>\n","protected":false},"excerpt":{"rendered":"<p>Institui\u00e7\u00f5es financeiras consultadas pelo Banco Central (BC) esperam que a infla\u00e7\u00e3o, medida pelo \u00cdndice Nacional de Pre\u00e7os ao Consumidor Amplo (IPCA), chegue a 9,99%, este ano. Na semana passada a previs\u00e3o era 9,91%. Esse foi o oitavo ajuste seguido na estimativa. Para 2016, a proje\u00e7\u00e3o sobe por 14 semanas consecutivas. De acordo com o boletim [&hellip;]<\/p>\n","protected":false},"author":2,"featured_media":34916,"comment_status":"open","ping_status":"closed","sticky":false,"template":"","format":"standard","meta":{"tdm_status":"","tdm_grid_status":"","footnotes":""},"categories":[22,7],"tags":[],"class_list":{"0":"post-77311","1":"post","2":"type-post","3":"status-publish","4":"format-standard","5":"has-post-thumbnail","7":"category-brasil","8":"category-economia"},"_links":{"self":[{"href":"https:\/\/migracao.redenoticia.com.br\/noticia\/wp-json\/wp\/v2\/posts\/77311","targetHints":{"allow":["GET"]}}],"collection":[{"href":"https:\/\/migracao.redenoticia.com.br\/noticia\/wp-json\/wp\/v2\/posts"}],"about":[{"href":"https:\/\/migracao.redenoticia.com.br\/noticia\/wp-json\/wp\/v2\/types\/post"}],"author":[{"embeddable":true,"href":"https:\/\/migracao.redenoticia.com.br\/noticia\/wp-json\/wp\/v2\/users\/2"}],"replies":[{"embeddable":true,"href":"https:\/\/migracao.redenoticia.com.br\/noticia\/wp-json\/wp\/v2\/comments?post=77311"}],"version-history":[{"count":0,"href":"https:\/\/migracao.redenoticia.com.br\/noticia\/wp-json\/wp\/v2\/posts\/77311\/revisions"}],"wp:featuredmedia":[{"embeddable":true,"href":"https:\/\/migracao.redenoticia.com.br\/noticia\/wp-json\/wp\/v2\/media\/34916"}],"wp:attachment":[{"href":"https:\/\/migracao.redenoticia.com.br\/noticia\/wp-json\/wp\/v2\/media?parent=77311"}],"wp:term":[{"taxonomy":"category","embeddable":true,"href":"https:\/\/migracao.redenoticia.com.br\/noticia\/wp-json\/wp\/v2\/categories?post=77311"},{"taxonomy":"post_tag","embeddable":true,"href":"https:\/\/migracao.redenoticia.com.br\/noticia\/wp-json\/wp\/v2\/tags?post=77311"}],"curies":[{"name":"wp","href":"https:\/\/api.w.org\/{rel}","templated":true}]}}