{"id":77315,"date":"2015-11-09T17:30:04","date_gmt":"2015-11-09T19:30:04","guid":{"rendered":"http:\/\/www.redenoticia.com.br\/noticia\/?p=77315"},"modified":"2015-11-09T17:30:04","modified_gmt":"2015-11-09T19:30:04","slug":"indice-de-confianca-do-comercio-cai-265-em-outubro-diz-cnc","status":"publish","type":"post","link":"https:\/\/migracao.redenoticia.com.br\/noticia\/2015\/indice-de-confianca-do-comercio-cai-265-em-outubro-diz-cnc\/77315","title":{"rendered":"\u00cdndice de Confian\u00e7a do Com\u00e9rcio cai 26,5% em outubro, diz CNC"},"content":{"rendered":"<p>O <strong><em>\u00cdndice de Confian\u00e7a do Empres\u00e1rio do Com\u00e9rcio<\/em><\/strong> (Icec), medido pela Confedera\u00e7\u00e3o Nacional do Com\u00e9rcio de Bens, Servi\u00e7os e Turismo (CNC), teve queda de 26,5% em outubro deste ano, na compara\u00e7\u00e3o com o mesmo per\u00edodo do ano passado. Essa \u00e9 a 27\u00aa queda consecutiva do indicador nesse tipo de compara\u00e7\u00e3o.<\/p>\n<p>Na compara\u00e7\u00e3o com setembro deste ano, houve um recuo de 3%, marcando a quarta queda consecutiva do indicador na compara\u00e7\u00e3o mensal.<\/p>\n<p>O recuo anual de 26,5% foi provocado principalmente pelas avalia\u00e7\u00f5es dos empres\u00e1rios do com\u00e9rcio em rela\u00e7\u00e3o ao momento atual. A avalia\u00e7\u00e3o das condi\u00e7\u00f5es atuais caiu 48,2%, com piora nas opini\u00f5es sobre a economia (-65,8%), no com\u00e9rcio (-47%) e na pr\u00f3pria empresa (-38,3%).<\/p>\n<p>As expectativas em rela\u00e7\u00e3o ao futuro ca\u00edram 16%, devido a recuos nas pontua\u00e7\u00f5es das expectativas em rela\u00e7\u00e3o \u00e0 economia (-22,6%), do com\u00e9rcio (-15,5%) e da empresa (-11%).<\/p>\n<p>Em rela\u00e7\u00e3o aos investimentos, a confian\u00e7a em outubro deste ano estava 24,6% menor do que em outubro de 2014, com quedas na inten\u00e7\u00e3o de contrata\u00e7\u00e3o de funcion\u00e1rios (-30,8%), nos investimentos na empresa (-33,7%) e nos estoques (-5,8%).<\/p>\n<p>Vitor Abdala \u2013 Rep\u00f3rter da Ag\u00eancia Brasil<br \/>\nEdi\u00e7\u00e3o: Jos\u00e9 Romildo de Oliveira Lima<br \/>\n09\/11\/2015<\/p>\n","protected":false},"excerpt":{"rendered":"<p>O \u00cdndice de Confian\u00e7a do Empres\u00e1rio do Com\u00e9rcio (Icec), medido pela Confedera\u00e7\u00e3o Nacional do Com\u00e9rcio de Bens, Servi\u00e7os e Turismo (CNC), teve queda de 26,5% em outubro deste ano, na compara\u00e7\u00e3o com o mesmo per\u00edodo do ano passado. Essa \u00e9 a 27\u00aa queda consecutiva do indicador nesse tipo de compara\u00e7\u00e3o. Na compara\u00e7\u00e3o com setembro deste [&hellip;]<\/p>\n","protected":false},"author":2,"featured_media":38938,"comment_status":"open","ping_status":"closed","sticky":false,"template":"","format":"standard","meta":{"tdm_status":"","tdm_grid_status":"","footnotes":""},"categories":[22,7],"tags":[],"class_list":{"0":"post-77315","1":"post","2":"type-post","3":"status-publish","4":"format-standard","5":"has-post-thumbnail","7":"category-brasil","8":"category-economia"},"_links":{"self":[{"href":"https:\/\/migracao.redenoticia.com.br\/noticia\/wp-json\/wp\/v2\/posts\/77315","targetHints":{"allow":["GET"]}}],"collection":[{"href":"https:\/\/migracao.redenoticia.com.br\/noticia\/wp-json\/wp\/v2\/posts"}],"about":[{"href":"https:\/\/migracao.redenoticia.com.br\/noticia\/wp-json\/wp\/v2\/types\/post"}],"author":[{"embeddable":true,"href":"https:\/\/migracao.redenoticia.com.br\/noticia\/wp-json\/wp\/v2\/users\/2"}],"replies":[{"embeddable":true,"href":"https:\/\/migracao.redenoticia.com.br\/noticia\/wp-json\/wp\/v2\/comments?post=77315"}],"version-history":[{"count":0,"href":"https:\/\/migracao.redenoticia.com.br\/noticia\/wp-json\/wp\/v2\/posts\/77315\/revisions"}],"wp:featuredmedia":[{"embeddable":true,"href":"https:\/\/migracao.redenoticia.com.br\/noticia\/wp-json\/wp\/v2\/media\/38938"}],"wp:attachment":[{"href":"https:\/\/migracao.redenoticia.com.br\/noticia\/wp-json\/wp\/v2\/media?parent=77315"}],"wp:term":[{"taxonomy":"category","embeddable":true,"href":"https:\/\/migracao.redenoticia.com.br\/noticia\/wp-json\/wp\/v2\/categories?post=77315"},{"taxonomy":"post_tag","embeddable":true,"href":"https:\/\/migracao.redenoticia.com.br\/noticia\/wp-json\/wp\/v2\/tags?post=77315"}],"curies":[{"name":"wp","href":"https:\/\/api.w.org\/{rel}","templated":true}]}}