{"id":77360,"date":"2015-11-10T17:15:41","date_gmt":"2015-11-10T19:15:41","guid":{"rendered":"http:\/\/www.redenoticia.com.br\/noticia\/?p=77360"},"modified":"2015-11-10T17:15:41","modified_gmt":"2015-11-10T19:15:41","slug":"informacoes-para-uma-redacao-coerente-estao-disponiveis-no-guia-do-pasunb","status":"publish","type":"post","link":"https:\/\/migracao.redenoticia.com.br\/noticia\/2015\/informacoes-para-uma-redacao-coerente-estao-disponiveis-no-guia-do-pasunb\/77360","title":{"rendered":"Informa\u00e7\u00f5es para uma reda\u00e7\u00e3o coerente est\u00e3o dispon\u00edveis no Guia do PAS\/UnB"},"content":{"rendered":"<p>Um guia que cont\u00e9m crit\u00e9rios de avalia\u00e7\u00e3o para auxiliar os estudantes a produzirem uma boa <em><strong>reda\u00e7\u00e3o<\/strong><\/em> foi publicado, pela primeira vez, para os interessados em participar do Programa de Avalia\u00e7\u00e3o Seriada da Universidade de Bras\u00edlia (PAS\/UnB).<\/p>\n<p>Para o N\u00facleo de Recursos e Provas Discursivas do Cebraspe, respons\u00e1vel pela elabora\u00e7\u00e3o do Guia de Crit\u00e9rios de Avalia\u00e7\u00e3o \u2013 Prova de Reda\u00e7\u00e3o do PAS, a publica\u00e7\u00e3o foi necess\u00e1ria para que o candidato ao Programa conhe\u00e7a os principais erros cometidos no momento de redigir os textos.<\/p>\n<p>A ideia surgiu com base em uma pesquisa do pr\u00f3prio setor, feita durante as corre\u00e7\u00f5es das reda\u00e7\u00f5es de eventos do Centro. Com a verifica\u00e7\u00e3o dos erros mais comuns, identificou-se a necessidade de uma publica\u00e7\u00e3o direcionada para esse fim.<\/p>\n<p>O guia tem a finalidade de orientar e auxiliar o estudante. Ap\u00f3s a leitura, ser\u00e1 poss\u00edvel perceber, entre outros aspectos, quais s\u00e3o as palavras inadequadas que n\u00e3o podem ser utilizadas na reda\u00e7\u00e3o e conhecer os problemas mais recorrentes para evitar comet\u00ea-los.<\/p>\n<p>CRIT\u00c9RIOS \u2013 Os crit\u00e9rios de avalia\u00e7\u00e3o da prova s\u00e3o divididos em dois aspectos: a macroestrutura, que \u00e9 o conte\u00fado e a apresenta\u00e7\u00e3o textual da reda\u00e7\u00e3o e a microestrutura, que se concentra na forma como a reda\u00e7\u00e3o \u00e9 escrita, incluindo avalia\u00e7\u00e3o de grafia, acentua\u00e7\u00e3o, morfossintaxe e propriedade vocabular.<\/p>\n<p>Assim, no guia s\u00e3o disponibilizadas informa\u00e7\u00f5es sobre a adequabilidade do texto, como, por exemplo, a escrita com letra de forma, que pode ser utilizada, desde que seja feita a diferen\u00e7a entre mai\u00fascula e min\u00fascula. Outro exemplo: para o estudante anular uma palavra errada, ele deve riscar e escrever em seguida a palavra correta.<\/p>\n<p>O guia foi produzido para estudantes com idade entre 14 e 18 anos e, por isso, a linguagem utilizada na publica\u00e7\u00e3o \u00e9 diferenciada, com textos simples, diretos e com muitas ilustra\u00e7\u00f5es. O guia est\u00e1 dispon\u00edvel no site do PAS\/UnB em .<\/p>\n<p>Marcelo Lucena<br \/>\nDa Assessoria T\u00e9cnica de Comunica\u00e7\u00e3o do Cebraspe<\/p>\n","protected":false},"excerpt":{"rendered":"<p>Um guia que cont\u00e9m crit\u00e9rios de avalia\u00e7\u00e3o para auxiliar os estudantes a produzirem uma boa reda\u00e7\u00e3o foi publicado, pela primeira vez, para os interessados em participar do Programa de Avalia\u00e7\u00e3o Seriada da Universidade de Bras\u00edlia (PAS\/UnB). Para o N\u00facleo de Recursos e Provas Discursivas do Cebraspe, respons\u00e1vel pela elabora\u00e7\u00e3o do Guia de Crit\u00e9rios de Avalia\u00e7\u00e3o [&hellip;]<\/p>\n","protected":false},"author":2,"featured_media":57577,"comment_status":"open","ping_status":"closed","sticky":false,"template":"","format":"standard","meta":{"tdm_status":"","tdm_grid_status":"","footnotes":""},"categories":[22],"tags":[],"class_list":{"0":"post-77360","1":"post","2":"type-post","3":"status-publish","4":"format-standard","5":"has-post-thumbnail","7":"category-brasil"},"_links":{"self":[{"href":"https:\/\/migracao.redenoticia.com.br\/noticia\/wp-json\/wp\/v2\/posts\/77360","targetHints":{"allow":["GET"]}}],"collection":[{"href":"https:\/\/migracao.redenoticia.com.br\/noticia\/wp-json\/wp\/v2\/posts"}],"about":[{"href":"https:\/\/migracao.redenoticia.com.br\/noticia\/wp-json\/wp\/v2\/types\/post"}],"author":[{"embeddable":true,"href":"https:\/\/migracao.redenoticia.com.br\/noticia\/wp-json\/wp\/v2\/users\/2"}],"replies":[{"embeddable":true,"href":"https:\/\/migracao.redenoticia.com.br\/noticia\/wp-json\/wp\/v2\/comments?post=77360"}],"version-history":[{"count":0,"href":"https:\/\/migracao.redenoticia.com.br\/noticia\/wp-json\/wp\/v2\/posts\/77360\/revisions"}],"wp:featuredmedia":[{"embeddable":true,"href":"https:\/\/migracao.redenoticia.com.br\/noticia\/wp-json\/wp\/v2\/media\/57577"}],"wp:attachment":[{"href":"https:\/\/migracao.redenoticia.com.br\/noticia\/wp-json\/wp\/v2\/media?parent=77360"}],"wp:term":[{"taxonomy":"category","embeddable":true,"href":"https:\/\/migracao.redenoticia.com.br\/noticia\/wp-json\/wp\/v2\/categories?post=77360"},{"taxonomy":"post_tag","embeddable":true,"href":"https:\/\/migracao.redenoticia.com.br\/noticia\/wp-json\/wp\/v2\/tags?post=77360"}],"curies":[{"name":"wp","href":"https:\/\/api.w.org\/{rel}","templated":true}]}}