{"id":77364,"date":"2015-11-10T17:27:38","date_gmt":"2015-11-10T19:27:38","guid":{"rendered":"http:\/\/www.redenoticia.com.br\/noticia\/?p=77364"},"modified":"2015-11-10T17:27:38","modified_gmt":"2015-11-10T19:27:38","slug":"receita-com-exportacoes-do-agronegocio-cai-109-no-acumulado-de-2015","status":"publish","type":"post","link":"https:\/\/migracao.redenoticia.com.br\/noticia\/2015\/receita-com-exportacoes-do-agronegocio-cai-109-no-acumulado-de-2015\/77364","title":{"rendered":"Receita com exporta\u00e7\u00f5es do agroneg\u00f3cio cai 10,9% no acumulado de 2015"},"content":{"rendered":"<p> As <strong><em>vendas externas do agroneg\u00f3cio<\/em><\/strong> brasileiro somam US$ 74,73 bilh\u00f5es no acumulado de janeiro a outubro, com queda de 10,9% em rela\u00e7\u00e3o a igual per\u00edodo do ano passado, devido, principalmente, \u00e0 redu\u00e7\u00e3o nos pre\u00e7os da maioria das commodities (produtos b\u00e1sicos com cota\u00e7\u00e3o internacional).<\/p>\n<p>Em contrapartida, o Brasil gastou apenas US$ 11,18 bilh\u00f5es com importa\u00e7\u00f5es de produtos agr\u00edcolas no ano, ou 20,8% menos que em 2014. Com isso, o saldo da balan\u00e7a comercial do agroneg\u00f3cio acumula super\u00e1vit de US$ 63,5 bilh\u00f5es, de acordo com n\u00fameros divulgados pela Secretaria de Rela\u00e7\u00f5es Internacionais do Agroneg\u00f3cio (SRI), vinculada ao Minist\u00e9rio da Agricultura, Pecu\u00e1ria e Abastecimento.<\/p>\n<p>No m\u00eas passado, as vendas externas de soja, carnes, milho, produtos florestais e a\u00e7\u00facar contribu\u00edram com 73% das exporta\u00e7\u00f5es totais do agroneg\u00f3cio brasileiro, no valor de US$ 7,78 bilh\u00f5es. As importa\u00e7\u00f5es de produtos agr\u00edcolas somaram US$ 1,05 bilh\u00e3o, deixando saldo comercial de US$ 6,73 bilh\u00f5es.<\/p>\n<p>Planta\u00e7\u00e3o de soja<br \/>\nOs dados indicam que a participa\u00e7\u00e3o de produtos agropecu\u00e1rios cresce cada vez mais na pauta de exporta\u00e7\u00f5es do pa\u00eds. Em outubro do ano passado, 43,3% das vendas do Brasil para o exterior sa\u00edram da agricultura e da pecu\u00e1ria. Em outubro deste ano, a participa\u00e7\u00e3o subiu para 48,5%.<\/p>\n<p>Ao analisar a balan\u00e7a de outubro, a secret\u00e1ria Tatiana Lipovetskaia Palermo destacou o recorde hist\u00f3rico mensal em quantidades exportadas de milho caf\u00e9 verde e soja em gr\u00e3o. Segundo ela, \u201capesar da queda dos pre\u00e7os internacionais, estamos aumentando os volumes vendidos, prova da compet\u00eancia do setor agropecu\u00e1rio do pa\u00eds\u201d.<\/p>\n<p>Produtos<\/p>\n<p>Em outubro, o volume exportado do complexo soja cresceu 104,2%.  Entretanto, houve retra\u00e7\u00e3o de 19% no pre\u00e7o m\u00e9dio das exporta\u00e7\u00f5es. Mesmo assim, os embarques de gr\u00e3os, \u00f3leo e farelo de soja subiram de US$ 983,1 milh\u00f5es, em outubro de 2014, para US$ 1,63 bilh\u00e3o no m\u00eas passado.<\/p>\n<p>As vendas externas de carnes tiveram recuo de US$ 1,7 bilh\u00e3o para US$ 1,22 bilh\u00e3o na mesma rela\u00e7\u00e3o mensal. O valor exportado da carne su\u00edna caiu 41,3%; de peru, 35,8%; de frango, 30,8%; e de gado, 21,2%.<\/p>\n<p>A terceira posi\u00e7\u00e3o no ranking de exporta\u00e7\u00f5es do agroneg\u00f3cio ficou com o setor de cereais &#8211; principalmente milho \u2013, farinhas e prepara\u00e7\u00f5es. O valor exportado somou US$ 920 milh\u00f5es, com embarques recordes de 5,5 milh\u00f5es de toneladas de milho.<\/p>\n<p>As exporta\u00e7\u00f5es de produtos florestais totalizaram US$ 969,1 milh\u00f5es em outubro deste ano, com leve crescimento em rela\u00e7\u00e3o aos US$ 945,1 milh\u00f5es registrados no mesmo m\u00eas de 2014. Destaque para as vendas de papel e celulose (US$ 758,8 milh\u00f5es) e de madeiras e suas obras (US$ 210,3 milh\u00f5es).<\/p>\n<p>O complexo sucroalcooleiro ficou na quinta posi\u00e7\u00e3o entre os setores exportadores do agroneg\u00f3cio. Os embarques diminu\u00edram de US$ 1,13 bilh\u00e3o, em outubro de 2014, para US$ 863,3 milh\u00f5es no m\u00eas passado. Principal produto da cadeia produtiva, o a\u00e7\u00facar foi respons\u00e1vel por US$ 751,3 milh\u00f5es. O etanol fechou com US$ 111,5 milh\u00f5es.<\/p>\n<p>Tradicional ocupante da quinta posi\u00e7\u00e3o no ranking dos principais produtos exportados pelo agroneg\u00f3cio, o caf\u00e9 caiu para a sexta posi\u00e7\u00e3o, com US$ 552,4 milh\u00f5es em vendas externas \u2013 queda de 20,2%. Apesar disso, o m\u00eas passado registrou recorde de exporta\u00e7\u00e3o de caf\u00e9 verde, com 198,4 mil toneladas.<\/p>\n<p>St\u00eanio Ribeiro \u2013 Rep\u00f3rter da Ag\u00eancia Brasil<br \/>\nEdi\u00e7\u00e3o: Armando Cardoso<br \/>\n10\/11\/2015<\/p>\n","protected":false},"excerpt":{"rendered":"<p>As vendas externas do agroneg\u00f3cio brasileiro somam US$ 74,73 bilh\u00f5es no acumulado de janeiro a outubro, com queda de 10,9% em rela\u00e7\u00e3o a igual per\u00edodo do ano passado, devido, principalmente, \u00e0 redu\u00e7\u00e3o nos pre\u00e7os da maioria das commodities (produtos b\u00e1sicos com cota\u00e7\u00e3o internacional). Em contrapartida, o Brasil gastou apenas US$ 11,18 bilh\u00f5es com importa\u00e7\u00f5es de [&hellip;]<\/p>\n","protected":false},"author":2,"featured_media":57585,"comment_status":"open","ping_status":"closed","sticky":false,"template":"","format":"standard","meta":{"tdm_status":"","tdm_grid_status":"","footnotes":""},"categories":[22,7],"tags":[],"class_list":{"0":"post-77364","1":"post","2":"type-post","3":"status-publish","4":"format-standard","5":"has-post-thumbnail","7":"category-brasil","8":"category-economia"},"_links":{"self":[{"href":"https:\/\/migracao.redenoticia.com.br\/noticia\/wp-json\/wp\/v2\/posts\/77364","targetHints":{"allow":["GET"]}}],"collection":[{"href":"https:\/\/migracao.redenoticia.com.br\/noticia\/wp-json\/wp\/v2\/posts"}],"about":[{"href":"https:\/\/migracao.redenoticia.com.br\/noticia\/wp-json\/wp\/v2\/types\/post"}],"author":[{"embeddable":true,"href":"https:\/\/migracao.redenoticia.com.br\/noticia\/wp-json\/wp\/v2\/users\/2"}],"replies":[{"embeddable":true,"href":"https:\/\/migracao.redenoticia.com.br\/noticia\/wp-json\/wp\/v2\/comments?post=77364"}],"version-history":[{"count":0,"href":"https:\/\/migracao.redenoticia.com.br\/noticia\/wp-json\/wp\/v2\/posts\/77364\/revisions"}],"wp:featuredmedia":[{"embeddable":true,"href":"https:\/\/migracao.redenoticia.com.br\/noticia\/wp-json\/wp\/v2\/media\/57585"}],"wp:attachment":[{"href":"https:\/\/migracao.redenoticia.com.br\/noticia\/wp-json\/wp\/v2\/media?parent=77364"}],"wp:term":[{"taxonomy":"category","embeddable":true,"href":"https:\/\/migracao.redenoticia.com.br\/noticia\/wp-json\/wp\/v2\/categories?post=77364"},{"taxonomy":"post_tag","embeddable":true,"href":"https:\/\/migracao.redenoticia.com.br\/noticia\/wp-json\/wp\/v2\/tags?post=77364"}],"curies":[{"name":"wp","href":"https:\/\/api.w.org\/{rel}","templated":true}]}}