{"id":77366,"date":"2015-11-10T17:28:50","date_gmt":"2015-11-10T19:28:50","guid":{"rendered":"http:\/\/www.redenoticia.com.br\/noticia\/?p=77366"},"modified":"2015-11-10T17:28:50","modified_gmt":"2015-11-10T19:28:50","slug":"ibge-preve-safra-19-menor-na-primeira-estimativa-de-2016","status":"publish","type":"post","link":"https:\/\/migracao.redenoticia.com.br\/noticia\/2015\/ibge-preve-safra-19-menor-na-primeira-estimativa-de-2016\/77366","title":{"rendered":"IBGE prev\u00ea safra 1,9% menor na primeira estimativa de 2016"},"content":{"rendered":"<p> A primeira <strong><em>estimativa para a safra<\/em><\/strong> 2016 indica safra agr\u00edcola 1,9% menor do que a produ\u00e7\u00e3o deste ano. Segundo dados do Levantamento Sistem\u00e1tico da Produ\u00e7\u00e3o Agr\u00edcola (LSPA), divulgados pelo Instituto Brasileiro de Geografia e Estat\u00edstica (IBGE), a produ\u00e7\u00e3o de cereais, leguminosas e oleaginosas para o pr\u00f3ximo ano foi estimada em 206,5 milh\u00f5es de toneladas, redu\u00e7\u00e3o de 4,1 milh\u00f5es de toneladas em rela\u00e7\u00e3o \u00e0 safra recorde deste ano, que dever\u00e1 atingir 210,6 milh\u00f5es de toneladas.<\/p>\n<p>Na avalia\u00e7\u00e3o dos t\u00e9cnicos do instituto, a redu\u00e7\u00e3o da safra do pr\u00f3ximo ano deve-se \u00e0s menores produ\u00e7\u00f5es previstas para as regi\u00f5es Norte (-11,5%), Sul (-1,2%) e Centro-Oeste (-4,5%).<\/p>\n<p> J\u00e1 as estimativas do levantamento de 2015 indicam que a safra nacional de cereais, leguminosas e oleaginosas de 210,6 milh\u00f5es de toneladas, ser\u00e1 8,2% superior \u00e0 obtida em 2014 (194,6 milh\u00f5es de toneladas) e menor 331.303 toneladas (-0,2%) que o levantamento de setembro.<\/p>\n<p>A estimativa da \u00e1rea a ser colhida \u00e9 57,8 milh\u00f5es de hectares, apresentando acr\u00e9scimo de 1,9% frente \u00e0 \u00e1rea colhida em 2014 (56,7 milh\u00f5es de hectares), e redu\u00e7\u00e3o de 23.982 hectares em rela\u00e7\u00e3o ao m\u00eas anterior. Arroz, milho e soja, os tr\u00eas principais produtos deste grupo, somados, representaram 92,7% da estimativa da produ\u00e7\u00e3o e responderam por 86,3% da \u00e1rea a ser colhida.<\/p>\n<p>Em rela\u00e7\u00e3o ao ano anterior, houve acr\u00e9scimos de 5,9% na \u00e1rea da soja, de 1,3% na \u00e1rea do milho e na \u00e1rea de arroz houve redu\u00e7\u00e3o de 6,1%. No que se refere \u00e0 produ\u00e7\u00e3o, houve acr\u00e9scimos de 3,0% para o arroz, 11,7% para a soja e de 7,4% para o milho.<\/p>\n<p>De acordo com o levantamento regional, a regi\u00e3o Centro-Oeste, com 89, 7 milh\u00f5es de toneladas continua a maior \u00e1rea produtora do pa\u00eds no volume de produ\u00e7\u00e3o de cereais, leguminosas e oleaginosas. Em seguida, vem a regi\u00e3o Sul, com a produ\u00e7\u00e3o de 76,9 milh\u00f5es de toneladas; a regi\u00e3o Sudeste produziu 19,4 milh\u00f5es de toneladas; no Nordeste, a produ\u00e7\u00e3o foi 16,9 milh\u00f5es de toneladas e no Norte do pa\u00eds, a produ\u00e7\u00e3o foi 7,7 milh\u00f5es de toneladas. <\/p>\n<p> Da Ag\u00eancia Brasil<br \/>\nEdi\u00e7\u00e3o: Jos\u00e9 Romildo<br \/>\n10\/11\/2015<\/p>\n","protected":false},"excerpt":{"rendered":"<p>A primeira estimativa para a safra 2016 indica safra agr\u00edcola 1,9% menor do que a produ\u00e7\u00e3o deste ano. Segundo dados do Levantamento Sistem\u00e1tico da Produ\u00e7\u00e3o Agr\u00edcola (LSPA), divulgados pelo Instituto Brasileiro de Geografia e Estat\u00edstica (IBGE), a produ\u00e7\u00e3o de cereais, leguminosas e oleaginosas para o pr\u00f3ximo ano foi estimada em 206,5 milh\u00f5es de toneladas, redu\u00e7\u00e3o [&hellip;]<\/p>\n","protected":false},"author":2,"featured_media":38938,"comment_status":"open","ping_status":"closed","sticky":false,"template":"","format":"standard","meta":{"tdm_status":"","tdm_grid_status":"","footnotes":""},"categories":[22,7],"tags":[],"class_list":{"0":"post-77366","1":"post","2":"type-post","3":"status-publish","4":"format-standard","5":"has-post-thumbnail","7":"category-brasil","8":"category-economia"},"_links":{"self":[{"href":"https:\/\/migracao.redenoticia.com.br\/noticia\/wp-json\/wp\/v2\/posts\/77366","targetHints":{"allow":["GET"]}}],"collection":[{"href":"https:\/\/migracao.redenoticia.com.br\/noticia\/wp-json\/wp\/v2\/posts"}],"about":[{"href":"https:\/\/migracao.redenoticia.com.br\/noticia\/wp-json\/wp\/v2\/types\/post"}],"author":[{"embeddable":true,"href":"https:\/\/migracao.redenoticia.com.br\/noticia\/wp-json\/wp\/v2\/users\/2"}],"replies":[{"embeddable":true,"href":"https:\/\/migracao.redenoticia.com.br\/noticia\/wp-json\/wp\/v2\/comments?post=77366"}],"version-history":[{"count":0,"href":"https:\/\/migracao.redenoticia.com.br\/noticia\/wp-json\/wp\/v2\/posts\/77366\/revisions"}],"wp:featuredmedia":[{"embeddable":true,"href":"https:\/\/migracao.redenoticia.com.br\/noticia\/wp-json\/wp\/v2\/media\/38938"}],"wp:attachment":[{"href":"https:\/\/migracao.redenoticia.com.br\/noticia\/wp-json\/wp\/v2\/media?parent=77366"}],"wp:term":[{"taxonomy":"category","embeddable":true,"href":"https:\/\/migracao.redenoticia.com.br\/noticia\/wp-json\/wp\/v2\/categories?post=77366"},{"taxonomy":"post_tag","embeddable":true,"href":"https:\/\/migracao.redenoticia.com.br\/noticia\/wp-json\/wp\/v2\/tags?post=77366"}],"curies":[{"name":"wp","href":"https:\/\/api.w.org\/{rel}","templated":true}]}}