{"id":77368,"date":"2015-11-10T17:31:20","date_gmt":"2015-11-10T19:31:20","guid":{"rendered":"http:\/\/www.redenoticia.com.br\/noticia\/?p=77368"},"modified":"2015-11-10T17:31:20","modified_gmt":"2015-11-10T19:31:20","slug":"producao-industrial-cai-em-10-dos-14-locais-pesquisados-em-setembro","status":"publish","type":"post","link":"https:\/\/migracao.redenoticia.com.br\/noticia\/2015\/producao-industrial-cai-em-10-dos-14-locais-pesquisados-em-setembro\/77368","title":{"rendered":"Produ\u00e7\u00e3o industrial cai em 10 dos 14 locais pesquisados em setembro"},"content":{"rendered":"<p> A <strong><em>produ\u00e7\u00e3o industrial<\/em><\/strong> em setembro caiu em dez dos 14 locais pesquisados pelo Instituto Brasileiro de Geografia e Estat\u00edstica (IBGE). As quedas mais acentuadas foram registradas na Bahia (-7,6%) e no Rio de Janeiro (-6,6%). Os resultados positivos foram verificados no Par\u00e1 (12,6%), Paran\u00e1 (5,1%), Esp\u00edrito Santo (1,3%) e Amazonas (0,1%).<\/p>\n<p>A ind\u00fastria nacional teve queda de 1,3% em setembro, em rela\u00e7\u00e3o ao m\u00eas anterior, e manteve a trajet\u00f3ria descendente iniciada em outubro de 2014. Onze locais apresentaram taxas negativas, com os recuos mais acentuados verificados no Rio de Janeiro (-2,5%), Paran\u00e1 (-1,3%), Amazonas (-1,2%), em S\u00e3o Paulo (-1,2%), na Bahia (-1,2%), no Cear\u00e1 (-1,0%) e em Minas Gerais (-1,0%). O Par\u00e1, com expans\u00e3o de 2,4%, registrou o principal avan\u00e7o em setembro de 2015.<\/p>\n<p>Na compara\u00e7\u00e3o com o mesmo m\u00eas do ano anterior, o setor industrial apresentou queda de 10,9% em setembro, com resultados negativos em 12 dos 15 locais pesquisados. Nesse m\u00eas, o recuo mais intenso foi no Rio Grande do Sul (-19,7%), pressionado, em grande parte, pela queda na produ\u00e7\u00e3o dos setores de ve\u00edculos automotores, reboques e carrocerias, m\u00e1quinas e equipamentos, metalurgia e de produtos do fumo. Os estados do Amazonas (-13,1%), de S\u00e3o Paulo (-12,8%), do Cear\u00e1 (-11,9%), de Santa Catarina (-11,6%), do Rio de Janeiro (-11,2%) e de Minas Gerais (-11,1%) tamb\u00e9m apresentaram resultados negativos mais acentuados do que a m\u00e9dia nacional (-10,9%). A Bahia (-9,0%), o Paran\u00e1 (-7,8%), a Regi\u00e3o Nordeste (-7,4%), Pernambuco (-7,2%) e Goi\u00e1s (-4,7%) completaram o conjunto de locais com taxas negativas nesse m\u00eas.<\/p>\n<p>Mato Grosso (18,3%) e o Par\u00e1 (12,3%) tiveram os maiores avan\u00e7os em setembro, impulsionados pelo comportamento positivo dos setores de produtos aliment\u00edcios e de coque, produtos derivados do petr\u00f3leo e biocombust\u00edveis, no primeiro local, e de ind\u00fastrias extrativas, no segundo. O Esp\u00edrito Santo, com ligeira varia\u00e7\u00e3o de 0,1%, tamb\u00e9m mostrou taxa positiva em setembro.<\/p>\n<p> Da Ag\u00eancia Brasil<br \/>\nEdi\u00e7\u00e3o: Gra\u00e7a Adjuto<br \/>\n10\/11\/2015<\/p>\n","protected":false},"excerpt":{"rendered":"<p>A produ\u00e7\u00e3o industrial em setembro caiu em dez dos 14 locais pesquisados pelo Instituto Brasileiro de Geografia e Estat\u00edstica (IBGE). As quedas mais acentuadas foram registradas na Bahia (-7,6%) e no Rio de Janeiro (-6,6%). Os resultados positivos foram verificados no Par\u00e1 (12,6%), Paran\u00e1 (5,1%), Esp\u00edrito Santo (1,3%) e Amazonas (0,1%). A ind\u00fastria nacional teve [&hellip;]<\/p>\n","protected":false},"author":2,"featured_media":57583,"comment_status":"open","ping_status":"closed","sticky":false,"template":"","format":"standard","meta":{"tdm_status":"","tdm_grid_status":"","footnotes":""},"categories":[22,7],"tags":[],"class_list":{"0":"post-77368","1":"post","2":"type-post","3":"status-publish","4":"format-standard","5":"has-post-thumbnail","7":"category-brasil","8":"category-economia"},"_links":{"self":[{"href":"https:\/\/migracao.redenoticia.com.br\/noticia\/wp-json\/wp\/v2\/posts\/77368","targetHints":{"allow":["GET"]}}],"collection":[{"href":"https:\/\/migracao.redenoticia.com.br\/noticia\/wp-json\/wp\/v2\/posts"}],"about":[{"href":"https:\/\/migracao.redenoticia.com.br\/noticia\/wp-json\/wp\/v2\/types\/post"}],"author":[{"embeddable":true,"href":"https:\/\/migracao.redenoticia.com.br\/noticia\/wp-json\/wp\/v2\/users\/2"}],"replies":[{"embeddable":true,"href":"https:\/\/migracao.redenoticia.com.br\/noticia\/wp-json\/wp\/v2\/comments?post=77368"}],"version-history":[{"count":0,"href":"https:\/\/migracao.redenoticia.com.br\/noticia\/wp-json\/wp\/v2\/posts\/77368\/revisions"}],"wp:featuredmedia":[{"embeddable":true,"href":"https:\/\/migracao.redenoticia.com.br\/noticia\/wp-json\/wp\/v2\/media\/57583"}],"wp:attachment":[{"href":"https:\/\/migracao.redenoticia.com.br\/noticia\/wp-json\/wp\/v2\/media?parent=77368"}],"wp:term":[{"taxonomy":"category","embeddable":true,"href":"https:\/\/migracao.redenoticia.com.br\/noticia\/wp-json\/wp\/v2\/categories?post=77368"},{"taxonomy":"post_tag","embeddable":true,"href":"https:\/\/migracao.redenoticia.com.br\/noticia\/wp-json\/wp\/v2\/tags?post=77368"}],"curies":[{"name":"wp","href":"https:\/\/api.w.org\/{rel}","templated":true}]}}