{"id":77370,"date":"2015-11-10T17:32:36","date_gmt":"2015-11-10T19:32:36","guid":{"rendered":"http:\/\/www.redenoticia.com.br\/noticia\/?p=77370"},"modified":"2015-11-10T17:32:36","modified_gmt":"2015-11-10T19:32:36","slug":"vendas-de-imoveis-novos-caem-13-em-setembro-na-cidade-de-sao-paulo","status":"publish","type":"post","link":"https:\/\/migracao.redenoticia.com.br\/noticia\/2015\/vendas-de-imoveis-novos-caem-13-em-setembro-na-cidade-de-sao-paulo\/77370","title":{"rendered":"Vendas de im\u00f3veis novos caem 13% em setembro na cidade de S\u00e3o Paulo"},"content":{"rendered":"<p> As <strong><em>vendas de im\u00f3veis<\/em><\/strong> novos ca\u00edram 13,3%, na capital paulista, no m\u00eas de setembro, aponta pesquisa divulgada pelo Sindicato da Habita\u00e7\u00e3o de S\u00e3o Paulo (Secovi-SP). Foram comercializadas 1.392 unidades residenciais novas ante 1.606 vendidas em agosto. Na compara\u00e7\u00e3o com setembro do ano passado, a queda foi muito maior: 50,1%. Naquele per\u00edodo foram comercializadas 2.787 unidades. Segundo o Secovi-SP, essa forte oscila\u00e7\u00e3o tem rela\u00e7\u00e3o com a base de compara\u00e7\u00e3o, porque setembro de 2014 foi o terceiro melhor m\u00eas em termos de vendas e lan\u00e7amentos no ano passado.<\/p>\n<p>No acumulado de janeiro a setembro deste ano, foram comercializadas 13.698 unidades, com varia\u00e7\u00e3o negativa de 4,7% comparado ao mesmo per\u00edodo de 2014, que totalizou a venda de 14.374 unidades. No per\u00edodo de 12 meses &#8211; outubro de 2014 e setembro de 2015 &#8211; foram vendidas 20.900 unidades, varia\u00e7\u00e3o de -5,4% em rela\u00e7\u00e3o ao mesmo per\u00edodo do ano anterior, quando foram vendidas 22.102 unidades.<\/p>\n<p>O levantamento mostra ainda que, h\u00e1 dois meses, os im\u00f3veis de dois dormit\u00f3rios mantiveram a lideran\u00e7a das vendas, com 44% do total comercializado (612 unidades), seguidos pelos im\u00f3veis de um dormit\u00f3rio, com 24,6% (343 unidades), de tr\u00eas dormit\u00f3rios, com 23,9% (333 unidades), e de quatro ou mais dormit\u00f3rios, com 7,5% (104 unidades).<\/p>\n<p>De acordo com o Sindicato da Habita\u00e7\u00e3o, havia na cidade de S\u00e3o Paulo no fim de setembro 26.195 unidades dispon\u00edveis para venda, o menor volume do ano. A maior quantidade de im\u00f3veis ofertados se referia a dois dormit\u00f3rios, com 9.224 unidades. Havia oferta de 8.136 im\u00f3veis de um dormit\u00f3rio, de  6.747 unidades de tr\u00eas dormit\u00f3rios e de 2.088 unidades de quatro ou mais dormit\u00f3rios. A oferta \u00e9 composta por im\u00f3veis na planta, em constru\u00e7\u00e3o e prontos, lan\u00e7ados nos \u00faltimos 36 meses.<\/p>\n<p> Da Ag\u00eancia Brasil<br \/>\nEdi\u00e7\u00e3o: Jos\u00e9 Romildo<br \/>\n10\/11\/2015<\/p>\n","protected":false},"excerpt":{"rendered":"<p>As vendas de im\u00f3veis novos ca\u00edram 13,3%, na capital paulista, no m\u00eas de setembro, aponta pesquisa divulgada pelo Sindicato da Habita\u00e7\u00e3o de S\u00e3o Paulo (Secovi-SP). Foram comercializadas 1.392 unidades residenciais novas ante 1.606 vendidas em agosto. Na compara\u00e7\u00e3o com setembro do ano passado, a queda foi muito maior: 50,1%. Naquele per\u00edodo foram comercializadas 2.787 unidades. [&hellip;]<\/p>\n","protected":false},"author":2,"featured_media":34681,"comment_status":"open","ping_status":"closed","sticky":false,"template":"","format":"standard","meta":{"tdm_status":"","tdm_grid_status":"","footnotes":""},"categories":[22,7],"tags":[],"class_list":{"0":"post-77370","1":"post","2":"type-post","3":"status-publish","4":"format-standard","5":"has-post-thumbnail","7":"category-brasil","8":"category-economia"},"_links":{"self":[{"href":"https:\/\/migracao.redenoticia.com.br\/noticia\/wp-json\/wp\/v2\/posts\/77370","targetHints":{"allow":["GET"]}}],"collection":[{"href":"https:\/\/migracao.redenoticia.com.br\/noticia\/wp-json\/wp\/v2\/posts"}],"about":[{"href":"https:\/\/migracao.redenoticia.com.br\/noticia\/wp-json\/wp\/v2\/types\/post"}],"author":[{"embeddable":true,"href":"https:\/\/migracao.redenoticia.com.br\/noticia\/wp-json\/wp\/v2\/users\/2"}],"replies":[{"embeddable":true,"href":"https:\/\/migracao.redenoticia.com.br\/noticia\/wp-json\/wp\/v2\/comments?post=77370"}],"version-history":[{"count":0,"href":"https:\/\/migracao.redenoticia.com.br\/noticia\/wp-json\/wp\/v2\/posts\/77370\/revisions"}],"wp:featuredmedia":[{"embeddable":true,"href":"https:\/\/migracao.redenoticia.com.br\/noticia\/wp-json\/wp\/v2\/media\/34681"}],"wp:attachment":[{"href":"https:\/\/migracao.redenoticia.com.br\/noticia\/wp-json\/wp\/v2\/media?parent=77370"}],"wp:term":[{"taxonomy":"category","embeddable":true,"href":"https:\/\/migracao.redenoticia.com.br\/noticia\/wp-json\/wp\/v2\/categories?post=77370"},{"taxonomy":"post_tag","embeddable":true,"href":"https:\/\/migracao.redenoticia.com.br\/noticia\/wp-json\/wp\/v2\/tags?post=77370"}],"curies":[{"name":"wp","href":"https:\/\/api.w.org\/{rel}","templated":true}]}}