{"id":77372,"date":"2015-11-10T17:33:36","date_gmt":"2015-11-10T19:33:36","guid":{"rendered":"http:\/\/www.redenoticia.com.br\/noticia\/?p=77372"},"modified":"2015-11-10T17:33:36","modified_gmt":"2015-11-10T19:33:36","slug":"demanda-do-consumidor-por-credito-recua-24-em-outubro-mostra-serasa","status":"publish","type":"post","link":"https:\/\/migracao.redenoticia.com.br\/noticia\/2015\/demanda-do-consumidor-por-credito-recua-24-em-outubro-mostra-serasa\/77372","title":{"rendered":"Demanda do consumidor por cr\u00e9dito recua 2,4% em outubro, mostra Serasa"},"content":{"rendered":"<p> A <strong><em>demanda do consumidor por cr\u00e9dito<\/em><\/strong> caiu 2,4% em outubro na compara\u00e7\u00e3o com setembro, segundo levantamento divulgado pela empresa de consultoria Serasa Experian. Na compara\u00e7\u00e3o com o mesmo m\u00eas do ano passado, o recuo foi superior: 8,5%. Entretanto, no acumulado do ano, a procura do consumidor por cr\u00e9dito registra avan\u00e7o de 1,9% em rela\u00e7\u00e3o aos dez meses de 2014.<\/p>\n<p>De acordo com os economistas da Serasa, o encarecimento das condi\u00e7\u00f5es de cr\u00e9dito e a eleva\u00e7\u00e3o dos n\u00edveis de desemprego inibem a busca dos consumidores por cr\u00e9dito.<\/p>\n<p>No m\u00eas passado, a procura por cr\u00e9dito diminuiu em todas as faixas de rendimento. Houve queda de 2,6% entre as pessoas que ganham at\u00e9 R$ 500 por m\u00eas e tamb\u00e9m entre as recebem de R$ 500 a R$ 1.000 mensalmente. Para os consumidores com rendimento mensal entre R$ 1.000 e R$ 2.000, houve recuo de 2,2%. Na faixa de R$ 2.000 a R$ 5.000 mensais, a queda ficou em 2,0% e, na de R$ 5.000 a R$ 10.000 e na superior a R$ 10.000 por m\u00eas, em 1,9%.<\/p>\n<p>Com exce\u00e7\u00e3o do Centro-Oeste (que mostrou estabilidade), todas as outras registraram quedas mensais nas demandas por cr\u00e9dito. O maior recuo ocorreu no Nordeste (7,8%), na compara\u00e7\u00e3o de outubro com setembro. No Sul, a queda foi de 3,4% e no Norte ,de 2,9%. No Sudeste, a retra\u00e7\u00e3o foi de 0,4%.<\/p>\n<p> Da Ag\u00eancia Brasil<br \/>\nEdi\u00e7\u00e3o: Juliana Andrade<br \/>\n10\/11\/2015<\/p>\n","protected":false},"excerpt":{"rendered":"<p>A demanda do consumidor por cr\u00e9dito caiu 2,4% em outubro na compara\u00e7\u00e3o com setembro, segundo levantamento divulgado pela empresa de consultoria Serasa Experian. Na compara\u00e7\u00e3o com o mesmo m\u00eas do ano passado, o recuo foi superior: 8,5%. Entretanto, no acumulado do ano, a procura do consumidor por cr\u00e9dito registra avan\u00e7o de 1,9% em rela\u00e7\u00e3o aos [&hellip;]<\/p>\n","protected":false},"author":2,"featured_media":57584,"comment_status":"open","ping_status":"closed","sticky":false,"template":"","format":"standard","meta":{"tdm_status":"","tdm_grid_status":"","footnotes":""},"categories":[22,7],"tags":[],"class_list":{"0":"post-77372","1":"post","2":"type-post","3":"status-publish","4":"format-standard","5":"has-post-thumbnail","7":"category-brasil","8":"category-economia"},"_links":{"self":[{"href":"https:\/\/migracao.redenoticia.com.br\/noticia\/wp-json\/wp\/v2\/posts\/77372","targetHints":{"allow":["GET"]}}],"collection":[{"href":"https:\/\/migracao.redenoticia.com.br\/noticia\/wp-json\/wp\/v2\/posts"}],"about":[{"href":"https:\/\/migracao.redenoticia.com.br\/noticia\/wp-json\/wp\/v2\/types\/post"}],"author":[{"embeddable":true,"href":"https:\/\/migracao.redenoticia.com.br\/noticia\/wp-json\/wp\/v2\/users\/2"}],"replies":[{"embeddable":true,"href":"https:\/\/migracao.redenoticia.com.br\/noticia\/wp-json\/wp\/v2\/comments?post=77372"}],"version-history":[{"count":0,"href":"https:\/\/migracao.redenoticia.com.br\/noticia\/wp-json\/wp\/v2\/posts\/77372\/revisions"}],"wp:featuredmedia":[{"embeddable":true,"href":"https:\/\/migracao.redenoticia.com.br\/noticia\/wp-json\/wp\/v2\/media\/57584"}],"wp:attachment":[{"href":"https:\/\/migracao.redenoticia.com.br\/noticia\/wp-json\/wp\/v2\/media?parent=77372"}],"wp:term":[{"taxonomy":"category","embeddable":true,"href":"https:\/\/migracao.redenoticia.com.br\/noticia\/wp-json\/wp\/v2\/categories?post=77372"},{"taxonomy":"post_tag","embeddable":true,"href":"https:\/\/migracao.redenoticia.com.br\/noticia\/wp-json\/wp\/v2\/tags?post=77372"}],"curies":[{"name":"wp","href":"https:\/\/api.w.org\/{rel}","templated":true}]}}