{"id":77418,"date":"2015-11-11T17:59:01","date_gmt":"2015-11-11T19:59:01","guid":{"rendered":"http:\/\/www.redenoticia.com.br\/noticia\/?p=77418"},"modified":"2015-11-11T17:59:15","modified_gmt":"2015-11-11T19:59:15","slug":"procon-sp-mostra-variacao-de-ate-15473-no-preco-dos-eletrodomesticos","status":"publish","type":"post","link":"https:\/\/migracao.redenoticia.com.br\/noticia\/2015\/procon-sp-mostra-variacao-de-ate-15473-no-preco-dos-eletrodomesticos\/77418","title":{"rendered":"Procon-SP mostra varia\u00e7\u00e3o de at\u00e9 154,73% no pre\u00e7o dos eletrodom\u00e9sticos"},"content":{"rendered":"<p>Pensando em orientar o consumidor, a Funda\u00e7\u00e3o Procon-SP fez um levantamento no m\u00eas de outubro dos <em><strong>pre\u00e7os dos eletrodom\u00e9sticos e eletroport\u00e1teis<\/strong><\/em>. A maior diferen\u00e7a encontrada foi de 154,73% em um liquidificador, ou seja, o pre\u00e7o variou de R$ 89,90 a R$ 229,90.<\/p>\n<p>Ao todo, foram visitados nove estabelecimentos comerciais das principais redes do varejo, distribu\u00eddos pelas cinco regi\u00f5es da cidade de S\u00e3o Paulo. A coleta dos pre\u00e7os envolveu 139 produtos de diversas marcas e modelos: aspirador de p\u00f3, batedeira, climatizador de ar, depurador de ar, ferro de passar, fog\u00e3o, forno micro-ondas, lava-lou\u00e7as, lavadora semiautom\u00e1tica (tanquinho), lavadora de roupas, lavadora e secadora de roupas, liquidificador, misturador multiuso (mixer), refrigerador de uma e duas portas.<\/p>\n<p>Orienta\u00e7\u00f5es<\/p>\n<p>O Procon-SP orienta que o consumidor verifique, al\u00e9m do pre\u00e7o dos produtos, se eles t\u00eam o selo Procel, que indica a efici\u00eancia no consumo energ\u00e9tico. Tamb\u00e9m \u00e9 importante ler atentamente o manual de instru\u00e7\u00f5es que acompanha o produto.<\/p>\n<p>O consumidor deve guardar tamb\u00e9m a nota ou cupom fiscal junto com o termo de garantia, que s\u00e3o necess\u00e1rios em caso de problemas no funcionamento do produto.<br \/>\nAcesse a pesquisa completa .<\/p>\n<p>Do Portal do Governo do Estado SP<\/p>\n","protected":false},"excerpt":{"rendered":"<p>Pensando em orientar o consumidor, a Funda\u00e7\u00e3o Procon-SP fez um levantamento no m\u00eas de outubro dos pre\u00e7os dos eletrodom\u00e9sticos e eletroport\u00e1teis. A maior diferen\u00e7a encontrada foi de 154,73% em um liquidificador, ou seja, o pre\u00e7o variou de R$ 89,90 a R$ 229,90. Ao todo, foram visitados nove estabelecimentos comerciais das principais redes do varejo, distribu\u00eddos [&hellip;]<\/p>\n","protected":false},"author":2,"featured_media":57585,"comment_status":"open","ping_status":"closed","sticky":false,"template":"","format":"standard","meta":{"tdm_status":"","tdm_grid_status":"","footnotes":""},"categories":[22,7],"tags":[],"class_list":{"0":"post-77418","1":"post","2":"type-post","3":"status-publish","4":"format-standard","5":"has-post-thumbnail","7":"category-brasil","8":"category-economia"},"_links":{"self":[{"href":"https:\/\/migracao.redenoticia.com.br\/noticia\/wp-json\/wp\/v2\/posts\/77418","targetHints":{"allow":["GET"]}}],"collection":[{"href":"https:\/\/migracao.redenoticia.com.br\/noticia\/wp-json\/wp\/v2\/posts"}],"about":[{"href":"https:\/\/migracao.redenoticia.com.br\/noticia\/wp-json\/wp\/v2\/types\/post"}],"author":[{"embeddable":true,"href":"https:\/\/migracao.redenoticia.com.br\/noticia\/wp-json\/wp\/v2\/users\/2"}],"replies":[{"embeddable":true,"href":"https:\/\/migracao.redenoticia.com.br\/noticia\/wp-json\/wp\/v2\/comments?post=77418"}],"version-history":[{"count":0,"href":"https:\/\/migracao.redenoticia.com.br\/noticia\/wp-json\/wp\/v2\/posts\/77418\/revisions"}],"wp:featuredmedia":[{"embeddable":true,"href":"https:\/\/migracao.redenoticia.com.br\/noticia\/wp-json\/wp\/v2\/media\/57585"}],"wp:attachment":[{"href":"https:\/\/migracao.redenoticia.com.br\/noticia\/wp-json\/wp\/v2\/media?parent=77418"}],"wp:term":[{"taxonomy":"category","embeddable":true,"href":"https:\/\/migracao.redenoticia.com.br\/noticia\/wp-json\/wp\/v2\/categories?post=77418"},{"taxonomy":"post_tag","embeddable":true,"href":"https:\/\/migracao.redenoticia.com.br\/noticia\/wp-json\/wp\/v2\/tags?post=77418"}],"curies":[{"name":"wp","href":"https:\/\/api.w.org\/{rel}","templated":true}]}}